{"id":77,"count":0,"description":"<strong>Direito Civil<\/strong>\r\n\r\nO Direito Trabalhista \u00e9 fundamental para garantir seguran\u00e7a jur\u00eddica nas rela\u00e7\u00f5es de trabalho e evitar preju\u00edzos financeiros. Nesta categoria do blog do escrit\u00f3rio Braz e Figueiredo Sociedade de Advogados, voc\u00ea encontrar\u00e1 conte\u00fados completos e atualizados sobre legisla\u00e7\u00e3o trabalhista, gest\u00e3o de funcion\u00e1rios, rescis\u00e3o de contrato, processos trabalhistas, direitos do trabalhador e obriga\u00e7\u00f5es das empresas.\r\n\r\nNossos artigos abordam desde a contrata\u00e7\u00e3o at\u00e9 o encerramento do v\u00ednculo empregat\u00edcio, com orienta\u00e7\u00f5es pr\u00e1ticas para reduzir riscos, evitar passivos trabalhistas e estruturar rela\u00e7\u00f5es de trabalho mais seguras. Tamb\u00e9m tratamos de temas como terceiriza\u00e7\u00e3o, pejotiza\u00e7\u00e3o e organiza\u00e7\u00e3o interna, sempre com foco na preven\u00e7\u00e3o de problemas.\r\n\r\nProduzimos conte\u00fados com temas atuais e relevantes, acompanhando mudan\u00e7as na legisla\u00e7\u00e3o, decis\u00f5es recentes dos tribunais e tend\u00eancias do mercado de trabalho, com uma abordagem clara, objetiva e aplic\u00e1vel \u00e0 rotina.\r\n\r\n<strong>\u00a0<\/strong>\r\n\r\n<strong>O que o Direito Trabalhista abrange?<\/strong>\r\n<ul>\r\n \t<li>Contrata\u00e7\u00e3o de funcion\u00e1rios e registro em carteira<\/li>\r\n \t<li>Direitos e deveres de empregadores e empregados<\/li>\r\n \t<li>Rescis\u00e3o de contrato de trabalho<\/li>\r\n \t<li>Pagamento de sal\u00e1rios, horas extras e benef\u00edcios<\/li>\r\n \t<li>Processos trabalhistas e defesa judicial<\/li>\r\n \t<li>Terceiriza\u00e7\u00e3o e modelos de contrata\u00e7\u00e3o<\/li>\r\n \t<li>Preven\u00e7\u00e3o de passivos e riscos trabalhistas<\/li>\r\n<\/ul>","link":"https:\/\/talktoalldigital.com.br\/brazefigueiredo\/blog\/categoria\/direito-civel\/","name":"Direito C\u00edvel","slug":"direito-civel","taxonomy":"category","parent":0,"meta":[],"acf":[],"yoast_head":"<!-- This site is optimized with the Yoast SEO plugin v27.3 - https:\/\/yoast.com\/product\/yoast-seo-wordpress\/ -->\n<title>Arquivo de Direito C\u00edvel - Braz &amp; Figueiredo<\/title>\n<meta name=\"robots\" content=\"index, follow, max-snippet:-1, max-image-preview:large, max-video-preview:-1\" \/>\n<link rel=\"canonical\" href=\"https:\/\/talktoalldigital.com.br\/brazefigueiredo\/blog\/categoria\/direito-civel\/\" \/>\n<meta property=\"og:locale\" content=\"pt_BR\" \/>\n<meta property=\"og:type\" content=\"article\" \/>\n<meta property=\"og:title\" content=\"Arquivo de Direito C\u00edvel - Braz &amp; Figueiredo\" \/>\n<meta property=\"og:description\" content=\"Direito Civil O Direito Trabalhista \u00e9 fundamental para garantir seguran\u00e7a jur\u00eddica nas rela\u00e7\u00f5es de trabalho e evitar preju\u00edzos financeiros. Nesta categoria do blog do escrit\u00f3rio Braz e Figueiredo Sociedade de Advogados, voc\u00ea encontrar\u00e1 conte\u00fados completos e atualizados sobre legisla\u00e7\u00e3o trabalhista, gest\u00e3o de funcion\u00e1rios, rescis\u00e3o de contrato, processos trabalhistas, direitos do trabalhador e obriga\u00e7\u00f5es das empresas. Nossos artigos abordam desde a contrata\u00e7\u00e3o at\u00e9 o encerramento do v\u00ednculo empregat\u00edcio, com orienta\u00e7\u00f5es pr\u00e1ticas para reduzir riscos, evitar passivos trabalhistas e estruturar rela\u00e7\u00f5es de trabalho mais seguras. Tamb\u00e9m tratamos de temas como terceiriza\u00e7\u00e3o, pejotiza\u00e7\u00e3o e organiza\u00e7\u00e3o interna, sempre com foco na preven\u00e7\u00e3o de problemas. Produzimos conte\u00fados com temas atuais e relevantes, acompanhando mudan\u00e7as na legisla\u00e7\u00e3o, decis\u00f5es recentes dos tribunais e tend\u00eancias do mercado de trabalho, com uma abordagem clara, objetiva e aplic\u00e1vel \u00e0 rotina. \u00a0 O que o Direito Trabalhista abrange? Contrata\u00e7\u00e3o de funcion\u00e1rios e registro em carteira Direitos e deveres de empregadores e empregados Rescis\u00e3o de contrato de trabalho Pagamento de sal\u00e1rios, horas extras e benef\u00edcios Processos trabalhistas e defesa judicial Terceiriza\u00e7\u00e3o e modelos de contrata\u00e7\u00e3o Preven\u00e7\u00e3o de passivos e riscos trabalhistas\" \/>\n<meta property=\"og:url\" content=\"https:\/\/talktoalldigital.com.br\/brazefigueiredo\/blog\/categoria\/direito-civel\/\" \/>\n<meta property=\"og:site_name\" content=\"Braz &amp; Figueiredo\" \/>\n<meta name=\"twitter:card\" content=\"summary_large_image\" \/>\n<script type=\"application\/ld+json\" class=\"yoast-schema-graph\">{\"@context\":\"https:\\\/\\\/schema.org\",\"@graph\":[{\"@type\":\"CollectionPage\",\"@id\":\"https:\\\/\\\/talktoalldigital.com.br\\\/brazefigueiredo\\\/blog\\\/categoria\\\/direito-civel\\\/\",\"url\":\"https:\\\/\\\/talktoalldigital.com.br\\\/brazefigueiredo\\\/blog\\\/categoria\\\/direito-civel\\\/\",\"name\":\"Arquivo de Direito C\u00edvel - Braz &amp; Figueiredo\",\"isPartOf\":{\"@id\":\"https:\\\/\\\/talktoalldigital.com.br\\\/brazefigueiredo\\\/#website\"},\"breadcrumb\":{\"@id\":\"https:\\\/\\\/talktoalldigital.com.br\\\/brazefigueiredo\\\/blog\\\/categoria\\\/direito-civel\\\/#breadcrumb\"},\"inLanguage\":\"pt-BR\"},{\"@type\":\"BreadcrumbList\",\"@id\":\"https:\\\/\\\/talktoalldigital.com.br\\\/brazefigueiredo\\\/blog\\\/categoria\\\/direito-civel\\\/#breadcrumb\",\"itemListElement\":[{\"@type\":\"ListItem\",\"position\":1,\"name\":\"In\u00edcio\",\"item\":\"https:\\\/\\\/talktoalldigital.com.br\\\/brazefigueiredo\\\/\"},{\"@type\":\"ListItem\",\"position\":2,\"name\":\"Direito C\u00edvel\"}]},{\"@type\":\"WebSite\",\"@id\":\"https:\\\/\\\/talktoalldigital.com.br\\\/brazefigueiredo\\\/#website\",\"url\":\"https:\\\/\\\/talktoalldigital.com.br\\\/brazefigueiredo\\\/\",\"name\":\"Braz & Figueiredo\",\"description\":\"Sociedade de Advogados\",\"publisher\":{\"@id\":\"https:\\\/\\\/talktoalldigital.com.br\\\/brazefigueiredo\\\/#organization\"},\"potentialAction\":[{\"@type\":\"SearchAction\",\"target\":{\"@type\":\"EntryPoint\",\"urlTemplate\":\"https:\\\/\\\/talktoalldigital.com.br\\\/brazefigueiredo\\\/?s={search_term_string}\"},\"query-input\":{\"@type\":\"PropertyValueSpecification\",\"valueRequired\":true,\"valueName\":\"search_term_string\"}}],\"inLanguage\":\"pt-BR\"},{\"@type\":\"Organization\",\"@id\":\"https:\\\/\\\/talktoalldigital.com.br\\\/brazefigueiredo\\\/#organization\",\"name\":\"Braz & Figueiredo\",\"url\":\"https:\\\/\\\/talktoalldigital.com.br\\\/brazefigueiredo\\\/\",\"logo\":{\"@type\":\"ImageObject\",\"inLanguage\":\"pt-BR\",\"@id\":\"https:\\\/\\\/talktoalldigital.com.br\\\/brazefigueiredo\\\/#\\\/schema\\\/logo\\\/image\\\/\",\"url\":\"https:\\\/\\\/talktoalldigital.com.br\\\/brazefigueiredo\\\/wp-content\\\/uploads\\\/2026\\\/02\\\/logo-braz-e-figueiredo.svg\",\"contentUrl\":\"https:\\\/\\\/talktoalldigital.com.br\\\/brazefigueiredo\\\/wp-content\\\/uploads\\\/2026\\\/02\\\/logo-braz-e-figueiredo.svg\",\"width\":275,\"height\":23,\"caption\":\"Braz & Figueiredo\"},\"image\":{\"@id\":\"https:\\\/\\\/talktoalldigital.com.br\\\/brazefigueiredo\\\/#\\\/schema\\\/logo\\\/image\\\/\"},\"sameAs\":[\"https:\\\/\\\/www.facebook.com\\\/brazefigueiredosociedadedeadvogados\\\/\",\"https:\\\/\\\/www.instagram.com\\\/brazefigueiredo\\\/\"]}]}<\/script>\n<!-- \/ Yoast SEO plugin. -->","yoast_head_json":{"title":"Arquivo de Direito C\u00edvel - Braz &amp; Figueiredo","robots":{"index":"index","follow":"follow","max-snippet":"max-snippet:-1","max-image-preview":"max-image-preview:large","max-video-preview":"max-video-preview:-1"},"canonical":"https:\/\/talktoalldigital.com.br\/brazefigueiredo\/blog\/categoria\/direito-civel\/","og_locale":"pt_BR","og_type":"article","og_title":"Arquivo de Direito C\u00edvel - Braz &amp; Figueiredo","og_description":"Direito Civil O Direito Trabalhista \u00e9 fundamental para garantir seguran\u00e7a jur\u00eddica nas rela\u00e7\u00f5es de trabalho e evitar preju\u00edzos financeiros. Nesta categoria do blog do escrit\u00f3rio Braz e Figueiredo Sociedade de Advogados, voc\u00ea encontrar\u00e1 conte\u00fados completos e atualizados sobre legisla\u00e7\u00e3o trabalhista, gest\u00e3o de funcion\u00e1rios, rescis\u00e3o de contrato, processos trabalhistas, direitos do trabalhador e obriga\u00e7\u00f5es das empresas. Nossos artigos abordam desde a contrata\u00e7\u00e3o at\u00e9 o encerramento do v\u00ednculo empregat\u00edcio, com orienta\u00e7\u00f5es pr\u00e1ticas para reduzir riscos, evitar passivos trabalhistas e estruturar rela\u00e7\u00f5es de trabalho mais seguras. Tamb\u00e9m tratamos de temas como terceiriza\u00e7\u00e3o, pejotiza\u00e7\u00e3o e organiza\u00e7\u00e3o interna, sempre com foco na preven\u00e7\u00e3o de problemas. Produzimos conte\u00fados com temas atuais e relevantes, acompanhando mudan\u00e7as na legisla\u00e7\u00e3o, decis\u00f5es recentes dos tribunais e tend\u00eancias do mercado de trabalho, com uma abordagem clara, objetiva e aplic\u00e1vel \u00e0 rotina. \u00a0 O que o Direito Trabalhista abrange? Contrata\u00e7\u00e3o de funcion\u00e1rios e registro em carteira Direitos e deveres de empregadores e empregados Rescis\u00e3o de contrato de trabalho Pagamento de sal\u00e1rios, horas extras e benef\u00edcios Processos trabalhistas e defesa judicial Terceiriza\u00e7\u00e3o e modelos de contrata\u00e7\u00e3o Preven\u00e7\u00e3o de passivos e riscos trabalhistas","og_url":"https:\/\/talktoalldigital.com.br\/brazefigueiredo\/blog\/categoria\/direito-civel\/","og_site_name":"Braz &amp; Figueiredo","twitter_card":"summary_large_image","schema":{"@context":"https:\/\/schema.org","@graph":[{"@type":"CollectionPage","@id":"https:\/\/talktoalldigital.com.br\/brazefigueiredo\/blog\/categoria\/direito-civel\/","url":"https:\/\/talktoalldigital.com.br\/brazefigueiredo\/blog\/categoria\/direito-civel\/","name":"Arquivo de Direito C\u00edvel - Braz &amp; Figueiredo","isPartOf":{"@id":"https:\/\/talktoalldigital.com.br\/brazefigueiredo\/#website"},"breadcrumb":{"@id":"https:\/\/talktoalldigital.com.br\/brazefigueiredo\/blog\/categoria\/direito-civel\/#breadcrumb"},"inLanguage":"pt-BR"},{"@type":"BreadcrumbList","@id":"https:\/\/talktoalldigital.com.br\/brazefigueiredo\/blog\/categoria\/direito-civel\/#breadcrumb","itemListElement":[{"@type":"ListItem","position":1,"name":"In\u00edcio","item":"https:\/\/talktoalldigital.com.br\/brazefigueiredo\/"},{"@type":"ListItem","position":2,"name":"Direito C\u00edvel"}]},{"@type":"WebSite","@id":"https:\/\/talktoalldigital.com.br\/brazefigueiredo\/#website","url":"https:\/\/talktoalldigital.com.br\/brazefigueiredo\/","name":"Braz & Figueiredo","description":"Sociedade de Advogados","publisher":{"@id":"https:\/\/talktoalldigital.com.br\/brazefigueiredo\/#organization"},"potentialAction":[{"@type":"SearchAction","target":{"@type":"EntryPoint","urlTemplate":"https:\/\/talktoalldigital.com.br\/brazefigueiredo\/?s={search_term_string}"},"query-input":{"@type":"PropertyValueSpecification","valueRequired":true,"valueName":"search_term_string"}}],"inLanguage":"pt-BR"},{"@type":"Organization","@id":"https:\/\/talktoalldigital.com.br\/brazefigueiredo\/#organization","name":"Braz & Figueiredo","url":"https:\/\/talktoalldigital.com.br\/brazefigueiredo\/","logo":{"@type":"ImageObject","inLanguage":"pt-BR","@id":"https:\/\/talktoalldigital.com.br\/brazefigueiredo\/#\/schema\/logo\/image\/","url":"https:\/\/talktoalldigital.com.br\/brazefigueiredo\/wp-content\/uploads\/2026\/02\/logo-braz-e-figueiredo.svg","contentUrl":"https:\/\/talktoalldigital.com.br\/brazefigueiredo\/wp-content\/uploads\/2026\/02\/logo-braz-e-figueiredo.svg","width":275,"height":23,"caption":"Braz & Figueiredo"},"image":{"@id":"https:\/\/talktoalldigital.com.br\/brazefigueiredo\/#\/schema\/logo\/image\/"},"sameAs":["https:\/\/www.facebook.com\/brazefigueiredosociedadedeadvogados\/","https:\/\/www.instagram.com\/brazefigueiredo\/"]}]}},"_links":{"self":[{"href":"https:\/\/talktoalldigital.com.br\/brazefigueiredo\/wp-json\/wp\/v2\/categories\/77","targetHints":{"allow":["GET"]}}],"collection":[{"href":"https:\/\/talktoalldigital.com.br\/brazefigueiredo\/wp-json\/wp\/v2\/categories"}],"about":[{"href":"https:\/\/talktoalldigital.com.br\/brazefigueiredo\/wp-json\/wp\/v2\/taxonomies\/category"}],"wp:post_type":[{"href":"https:\/\/talktoalldigital.com.br\/brazefigueiredo\/wp-json\/wp\/v2\/posts?categories=77"}],"curies":[{"name":"wp","href":"https:\/\/api.w.org\/{rel}","templated":true}]}}