{"id":735,"date":"2020-12-01T16:08:10","date_gmt":"2020-12-01T18:08:10","guid":{"rendered":"https:\/\/brazefigueiredo.com\/?p=126"},"modified":"2026-03-27T15:45:32","modified_gmt":"2026-03-27T18:45:32","slug":"fui-demitido-durante-a-pandemia-quais-sao-os-meus-direitos","status":"publish","type":"post","link":"https:\/\/talktoalldigital.com.br\/brazefigueiredo\/blog\/fui-demitido-durante-a-pandemia-quais-sao-os-meus-direitos\/","title":{"rendered":"Fui demitido durante a pandemia, quais s\u00e3o os meus direitos?"},"content":{"rendered":"<h2 class=\"subtitle\">Empregado dispensado durante a pandemia do coronav\u00edrus tem algum direito especial ou estabilidade? Confira<\/h2>\n<p>Quais s\u00e3o os direitos do empregado que trabalha com carteira assinada e \u00e9 demitido durante a\u00a0<strong>pandemia do coronav\u00edrus<\/strong>?<\/p>\n<p>A dispensa durante o estado de calamidade p\u00fablica, que est\u00e1 em vigor desde 6 de mar\u00e7o, n\u00e3o d\u00e1 nenhum direito especial ao empregado. Ele continua a ter os mesmos direitos de antes da crise.<\/p>\n<p>O empregado que \u00e9 demitido sem justa causa, ou seja, sem nenhum motivo que justifique sua demiss\u00e3o, recebe as seguintes verbas rescis\u00f3rias, segundo o\u00a0<em>Manual de Direito do Trabalho<\/em>, da autora Adriana Calvo:<\/p>\n<p>1) saldo de sal\u00e1rio<\/p>\n<p>2) aviso pr\u00e9vio indenizado:<\/p>\n<p>3) saldo de sal\u00e1rios<\/p>\n<p>4) 13\u00ba sal\u00e1rio proporcional<\/p>\n<p>5) f\u00e9rias indenizadas, j\u00e1 adquiridas e ainda n\u00e3o gozadas ou proporcionais<\/p>\n<p>6) saque do FGTS e multa de 40% do montante atualizado dos referidos valores<\/p>\n<p>7) seguro-desemprego<\/p>\n<p>O valor do seguro desemprego \u00e9 calculado a partir dos \u00faltimos sal\u00e1rios do trabalhador, e atualmente varia entre R$ 1.045,00 e R$ 1.813,03.<\/p>\n<div class=\"media_box embed intertitle_box\">\n<h3 class=\"content\">E o direito \u00e0 estabilidade?<\/h3>\n<\/div>\n<p>Alguns trabalhadores t\u00eam direito \u00e0 estabilidade, como \u00e9 o caso das gestantes, por exemplo, que t\u00eam estabilidade desde a concep\u00e7\u00e3o at\u00e9 cinco meses depois do parto). Essa estabilidade j\u00e1 existia antes da pandemia e continua a existir.<\/p>\n<p>A novidade \u00e9 que, com a lei 14.020, que trata do programa emergencial de manuten\u00e7\u00e3o de emprego e renda, ficou reconhecida a garantia provis\u00f3ria de emprego ao empregado que receber o Benef\u00edcio Emergencial de Preserva\u00e7\u00e3o do Emprego e da Renda, em decorr\u00eancia da redu\u00e7\u00e3o da jornada de trabalho e do sal\u00e1rio ou da suspens\u00e3o tempor\u00e1ria do contrato de trabalho durante o estado de calamidade p\u00fablica.<\/p>\n<p>Essa garantia provis\u00f3ria acontece durante o per\u00edodo da redu\u00e7\u00e3o da jornada ou da suspens\u00e3o do contrato e tamb\u00e9m a volta ao trabalho, pelo per\u00edodo equivalente ao que o trabalhador teve seu contrato suspenso ou reduzido.<\/p>\n<p>Se o empregador demitir esse empregado sem justa causa durante o per\u00edodo de garantia provis\u00f3ria do emprego, ter\u00e1 de pagar, al\u00e9m das verbas rescis\u00f3rias, uma indeniza\u00e7\u00e3o da seguinte forma:<\/p>\n<p>I &#8211; 50% do sal\u00e1rio a que o empregado teria direito no per\u00edodo de garantia provis\u00f3ria no emprego, na hip\u00f3tese de redu\u00e7\u00e3o de jornada de trabalho e de sal\u00e1rio igual ou superior a 25% e inferior a 50%;<\/p>\n<p>II &#8211; 75% do sal\u00e1rio a que o empregado teria direito no per\u00edodo de garantia provis\u00f3ria no emprego, na hip\u00f3tese de redu\u00e7\u00e3o de jornada de trabalho e de sal\u00e1rio igual ou superior a 50%\u00a0 e inferior a 70% ; ou<\/p>\n<p>III &#8211; 100% do sal\u00e1rio a que o empregado teria direito no per\u00edodo de garantia provis\u00f3ria no emprego, nas hip\u00f3teses de redu\u00e7\u00e3o de jornada de trabalho e de sal\u00e1rio em percentual igual ou superior a 70%\u00a0 ou de suspens\u00e3o tempor\u00e1ria do contrato de trabalho.<\/p>\n<p>Tamb\u00e9m est\u00e1 vedada a dispensa sem justa causa durante o estado de calamidade p\u00fablica da pessoa com defici\u00eancia, acordo com a Lei 14.020, inciso V.<\/p>\n<div class=\"media_box embed intertitle_box\">\n<h3 class=\"content\">Demiss\u00e3o por justa causa<\/h3>\n<p><span class=\"author\">undefined<\/span><\/p>\n<\/div>\n<p>Por\u00e9m isso n\u00e3o se aplica aos casos em que o pr\u00f3prio empregado pede demiss\u00e3o ou \u00e9 mandado embora por justa causa.<\/p>\n<p>Se o empregado for demitido por justa causa, perde o direito ao aviso pr\u00e9vio, \u00e0s f\u00e9rias proporcionais, ao 13\u00ba sal\u00e1rio proporcional, \u00e0 indeniza\u00e7\u00e3o de 40% do FGTS bem como o saque e tamb\u00e9m perde o direito a receber o seguro-desemprego.<\/p>\n<p>Recebe apenas o saldo de sal\u00e1rios e as f\u00e9rias vencidas, caso houver.<\/p>\n<div class=\"media_box embed intertitle_box\">\n<h3 class=\"content\">Quais s\u00e3o os motivos para justa causa?<\/h3>\n<\/div>\n<p>Os motivos que permitem a dispensa por justa causa est\u00e3o listados no artigo 482 da CLT. S\u00e3o eles:<\/p>\n<p>a) ato de improbidade<\/p>\n<p>b) incontin\u00eancia de conduta ou mau procedimento;<\/p>\n<p>c) negocia\u00e7\u00e3o habitual por conta pr\u00f3pria ou alheia sem permiss\u00e3o do empregador, e quando constituir ato de concorr\u00eancia \u00e0 empresa para a qual trabalha o empregado, ou for prejudicial ao servi\u00e7o;<\/p>\n<p>d) condena\u00e7\u00e3o criminal do empregado, passada em julgado, caso n\u00e3o tenha havido suspens\u00e3o da execu\u00e7\u00e3o da pena;<\/p>\n<p>e) des\u00eddia no desempenho das respectivas fun\u00e7\u00f5es;<\/p>\n<p>f) embriaguez habitual ou em servi\u00e7o;<\/p>\n<p>g) viola\u00e7\u00e3o de segredo da empresa;<\/p>\n<p>h) ato de indisciplina ou de insubordina\u00e7\u00e3o;<\/p>\n<p>i) abandono de emprego;<\/p>\n<p>j) ato lesivo da honra ou da boa fama praticado no servi\u00e7o contra qualquer pessoa, ou ofensas f\u00edsicas, nas mesmas condi\u00e7\u00f5es, salvo em caso de leg\u00edtima defesa, pr\u00f3pria ou de outrem;<\/p>\n<p>k) ato lesivo da honra ou da boa fama ou ofensas f\u00edsicas praticadas contra o empregador e superiores hier\u00e1rquicos, salvo em caso de leg\u00edtima defesa, pr\u00f3pria ou de outrem;<\/p>\n<p>l) pr\u00e1tica constante de jogos de azar;<\/p>\n<p>m) perda da habilita\u00e7\u00e3o ou dos requisitos estabelecidos em lei para o exerc\u00edcio da profiss\u00e3o, em decorr\u00eancia de conduta dolosa do empregado.<\/p>\n<p>by<\/p>\n<div class=\"box-profile-autor-name font-color-box\">Sophia Camargo<\/div>\n<div class=\"box-profile-autor-description\">Jornalista e advogada Sophia Camargo<br \/>\n<a href=\"https:\/\/noticias.r7.com\/prisma\/o-que-e-que-eu-faco-sophia\/fui-demitido-durante-a-pandemia-quais-sao-os-meus-direitos-10082020\" target=\"_blank\" rel=\"noopener noreferrer\">noticias.r7.com<\/a><\/div>\n","protected":false},"excerpt":{"rendered":"<p>Empregado dispensado durante a pandemia do coronav\u00edrus tem algum direito especial ou estabilidade? Confira Quais s\u00e3o os direitos do empregado que trabalha com carteira assinada e \u00e9 demitido durante a\u00a0pandemia do coronav\u00edrus? A dispensa durante o estado de calamidade p\u00fablica, que est\u00e1 em vigor desde 6 de mar\u00e7o, n\u00e3o d\u00e1 nenhum direito especial ao empregado. [&hellip;]<\/p>\n","protected":false},"author":6,"featured_media":3948,"comment_status":"open","ping_status":"open","sticky":false,"template":"","format":"standard","meta":{"_acf_changed":false,"footnotes":""},"categories":[22],"tags":[],"class_list":["post-735","post","type-post","status-publish","format-standard","has-post-thumbnail","hentry","category-sem-categoria"],"acf":[],"yoast_head":"<!-- This site is optimized with the Yoast SEO plugin v27.3 - https:\/\/yoast.com\/product\/yoast-seo-wordpress\/ -->\n<title>Fui demitido durante a pandemia, quais s\u00e3o os meus direitos? - Braz &amp; Figueiredo<\/title>\n<meta name=\"robots\" content=\"index, follow, max-snippet:-1, max-image-preview:large, max-video-preview:-1\" \/>\n<link rel=\"canonical\" href=\"https:\/\/talktoalldigital.com.br\/brazefigueiredo\/blog\/fui-demitido-durante-a-pandemia-quais-sao-os-meus-direitos\/\" \/>\n<meta property=\"og:locale\" content=\"pt_BR\" \/>\n<meta property=\"og:type\" content=\"article\" \/>\n<meta property=\"og:title\" content=\"Fui demitido durante a pandemia, quais s\u00e3o os meus direitos? - Braz &amp; Figueiredo\" \/>\n<meta property=\"og:description\" content=\"Empregado dispensado durante a pandemia do coronav\u00edrus tem algum direito especial ou estabilidade? Confira Quais s\u00e3o os direitos do empregado que trabalha com carteira assinada e \u00e9 demitido durante a\u00a0pandemia do coronav\u00edrus? A dispensa durante o estado de calamidade p\u00fablica, que est\u00e1 em vigor desde 6 de mar\u00e7o, n\u00e3o d\u00e1 nenhum direito especial ao empregado. [&hellip;]\" \/>\n<meta property=\"og:url\" content=\"https:\/\/talktoalldigital.com.br\/brazefigueiredo\/blog\/fui-demitido-durante-a-pandemia-quais-sao-os-meus-direitos\/\" \/>\n<meta property=\"og:site_name\" content=\"Braz &amp; Figueiredo\" \/>\n<meta property=\"article:publisher\" content=\"https:\/\/www.facebook.com\/brazefigueiredosociedadedeadvogados\/\" \/>\n<meta property=\"article:published_time\" content=\"2020-12-01T18:08:10+00:00\" \/>\n<meta property=\"article:modified_time\" content=\"2026-03-27T18:45:32+00:00\" \/>\n<meta property=\"og:image\" content=\"https:\/\/talktoalldigital.com.br\/brazefigueiredo\/wp-content\/uploads\/2026\/03\/demissao-1024x678-1.jpg\" \/>\n\t<meta property=\"og:image:width\" content=\"1024\" \/>\n\t<meta property=\"og:image:height\" content=\"678\" \/>\n\t<meta property=\"og:image:type\" content=\"image\/jpeg\" \/>\n<meta name=\"author\" content=\"brazefigueiredo\" \/>\n<meta name=\"twitter:card\" content=\"summary_large_image\" \/>\n<meta name=\"twitter:label1\" content=\"Escrito por\" \/>\n\t<meta name=\"twitter:data1\" content=\"brazefigueiredo\" \/>\n\t<meta name=\"twitter:label2\" content=\"Est. tempo de leitura\" \/>\n\t<meta name=\"twitter:data2\" content=\"5 minutos\" \/>\n<script type=\"application\/ld+json\" class=\"yoast-schema-graph\">{\"@context\":\"https:\\\/\\\/schema.org\",\"@graph\":[{\"@type\":\"Article\",\"@id\":\"https:\\\/\\\/talktoalldigital.com.br\\\/brazefigueiredo\\\/blog\\\/fui-demitido-durante-a-pandemia-quais-sao-os-meus-direitos\\\/#article\",\"isPartOf\":{\"@id\":\"https:\\\/\\\/talktoalldigital.com.br\\\/brazefigueiredo\\\/blog\\\/fui-demitido-durante-a-pandemia-quais-sao-os-meus-direitos\\\/\"},\"author\":{\"name\":\"brazefigueiredo\",\"@id\":\"https:\\\/\\\/talktoalldigital.com.br\\\/brazefigueiredo\\\/#\\\/schema\\\/person\\\/f415ef976e7ef353f21f3a1827b5c255\"},\"headline\":\"Fui demitido durante a pandemia, quais s\u00e3o os meus direitos?\",\"datePublished\":\"2020-12-01T18:08:10+00:00\",\"dateModified\":\"2026-03-27T18:45:32+00:00\",\"mainEntityOfPage\":{\"@id\":\"https:\\\/\\\/talktoalldigital.com.br\\\/brazefigueiredo\\\/blog\\\/fui-demitido-durante-a-pandemia-quais-sao-os-meus-direitos\\\/\"},\"wordCount\":857,\"commentCount\":0,\"publisher\":{\"@id\":\"https:\\\/\\\/talktoalldigital.com.br\\\/brazefigueiredo\\\/#organization\"},\"image\":{\"@id\":\"https:\\\/\\\/talktoalldigital.com.br\\\/brazefigueiredo\\\/blog\\\/fui-demitido-durante-a-pandemia-quais-sao-os-meus-direitos\\\/#primaryimage\"},\"thumbnailUrl\":\"https:\\\/\\\/talktoalldigital.com.br\\\/brazefigueiredo\\\/wp-content\\\/uploads\\\/2026\\\/03\\\/demissao-1024x678-1.jpg\",\"inLanguage\":\"pt-BR\",\"potentialAction\":[{\"@type\":\"CommentAction\",\"name\":\"Comment\",\"target\":[\"https:\\\/\\\/talktoalldigital.com.br\\\/brazefigueiredo\\\/blog\\\/fui-demitido-durante-a-pandemia-quais-sao-os-meus-direitos\\\/#respond\"]}]},{\"@type\":\"WebPage\",\"@id\":\"https:\\\/\\\/talktoalldigital.com.br\\\/brazefigueiredo\\\/blog\\\/fui-demitido-durante-a-pandemia-quais-sao-os-meus-direitos\\\/\",\"url\":\"https:\\\/\\\/talktoalldigital.com.br\\\/brazefigueiredo\\\/blog\\\/fui-demitido-durante-a-pandemia-quais-sao-os-meus-direitos\\\/\",\"name\":\"Fui demitido durante a pandemia, quais s\u00e3o os meus direitos? - Braz &amp; Figueiredo\",\"isPartOf\":{\"@id\":\"https:\\\/\\\/talktoalldigital.com.br\\\/brazefigueiredo\\\/#website\"},\"primaryImageOfPage\":{\"@id\":\"https:\\\/\\\/talktoalldigital.com.br\\\/brazefigueiredo\\\/blog\\\/fui-demitido-durante-a-pandemia-quais-sao-os-meus-direitos\\\/#primaryimage\"},\"image\":{\"@id\":\"https:\\\/\\\/talktoalldigital.com.br\\\/brazefigueiredo\\\/blog\\\/fui-demitido-durante-a-pandemia-quais-sao-os-meus-direitos\\\/#primaryimage\"},\"thumbnailUrl\":\"https:\\\/\\\/talktoalldigital.com.br\\\/brazefigueiredo\\\/wp-content\\\/uploads\\\/2026\\\/03\\\/demissao-1024x678-1.jpg\",\"datePublished\":\"2020-12-01T18:08:10+00:00\",\"dateModified\":\"2026-03-27T18:45:32+00:00\",\"breadcrumb\":{\"@id\":\"https:\\\/\\\/talktoalldigital.com.br\\\/brazefigueiredo\\\/blog\\\/fui-demitido-durante-a-pandemia-quais-sao-os-meus-direitos\\\/#breadcrumb\"},\"inLanguage\":\"pt-BR\",\"potentialAction\":[{\"@type\":\"ReadAction\",\"target\":[\"https:\\\/\\\/talktoalldigital.com.br\\\/brazefigueiredo\\\/blog\\\/fui-demitido-durante-a-pandemia-quais-sao-os-meus-direitos\\\/\"]}]},{\"@type\":\"ImageObject\",\"inLanguage\":\"pt-BR\",\"@id\":\"https:\\\/\\\/talktoalldigital.com.br\\\/brazefigueiredo\\\/blog\\\/fui-demitido-durante-a-pandemia-quais-sao-os-meus-direitos\\\/#primaryimage\",\"url\":\"https:\\\/\\\/talktoalldigital.com.br\\\/brazefigueiredo\\\/wp-content\\\/uploads\\\/2026\\\/03\\\/demissao-1024x678-1.jpg\",\"contentUrl\":\"https:\\\/\\\/talktoalldigital.com.br\\\/brazefigueiredo\\\/wp-content\\\/uploads\\\/2026\\\/03\\\/demissao-1024x678-1.jpg\",\"width\":1024,\"height\":678},{\"@type\":\"BreadcrumbList\",\"@id\":\"https:\\\/\\\/talktoalldigital.com.br\\\/brazefigueiredo\\\/blog\\\/fui-demitido-durante-a-pandemia-quais-sao-os-meus-direitos\\\/#breadcrumb\",\"itemListElement\":[{\"@type\":\"ListItem\",\"position\":1,\"name\":\"In\u00edcio\",\"item\":\"https:\\\/\\\/talktoalldigital.com.br\\\/brazefigueiredo\\\/\"},{\"@type\":\"ListItem\",\"position\":2,\"name\":\"Fui demitido durante a pandemia, quais s\u00e3o os meus direitos?\"}]},{\"@type\":\"WebSite\",\"@id\":\"https:\\\/\\\/talktoalldigital.com.br\\\/brazefigueiredo\\\/#website\",\"url\":\"https:\\\/\\\/talktoalldigital.com.br\\\/brazefigueiredo\\\/\",\"name\":\"Braz & Figueiredo\",\"description\":\"Sociedade de Advogados\",\"publisher\":{\"@id\":\"https:\\\/\\\/talktoalldigital.com.br\\\/brazefigueiredo\\\/#organization\"},\"potentialAction\":[{\"@type\":\"SearchAction\",\"target\":{\"@type\":\"EntryPoint\",\"urlTemplate\":\"https:\\\/\\\/talktoalldigital.com.br\\\/brazefigueiredo\\\/?s={search_term_string}\"},\"query-input\":{\"@type\":\"PropertyValueSpecification\",\"valueRequired\":true,\"valueName\":\"search_term_string\"}}],\"inLanguage\":\"pt-BR\"},{\"@type\":\"Organization\",\"@id\":\"https:\\\/\\\/talktoalldigital.com.br\\\/brazefigueiredo\\\/#organization\",\"name\":\"Braz & Figueiredo\",\"url\":\"https:\\\/\\\/talktoalldigital.com.br\\\/brazefigueiredo\\\/\",\"logo\":{\"@type\":\"ImageObject\",\"inLanguage\":\"pt-BR\",\"@id\":\"https:\\\/\\\/talktoalldigital.com.br\\\/brazefigueiredo\\\/#\\\/schema\\\/logo\\\/image\\\/\",\"url\":\"https:\\\/\\\/talktoalldigital.com.br\\\/brazefigueiredo\\\/wp-content\\\/uploads\\\/2026\\\/02\\\/logo-braz-e-figueiredo.svg\",\"contentUrl\":\"https:\\\/\\\/talktoalldigital.com.br\\\/brazefigueiredo\\\/wp-content\\\/uploads\\\/2026\\\/02\\\/logo-braz-e-figueiredo.svg\",\"width\":275,\"height\":23,\"caption\":\"Braz & Figueiredo\"},\"image\":{\"@id\":\"https:\\\/\\\/talktoalldigital.com.br\\\/brazefigueiredo\\\/#\\\/schema\\\/logo\\\/image\\\/\"},\"sameAs\":[\"https:\\\/\\\/www.facebook.com\\\/brazefigueiredosociedadedeadvogados\\\/\",\"https:\\\/\\\/www.instagram.com\\\/brazefigueiredo\\\/\"]},{\"@type\":\"Person\",\"@id\":\"https:\\\/\\\/talktoalldigital.com.br\\\/brazefigueiredo\\\/#\\\/schema\\\/person\\\/f415ef976e7ef353f21f3a1827b5c255\",\"name\":\"brazefigueiredo\",\"image\":{\"@type\":\"ImageObject\",\"inLanguage\":\"pt-BR\",\"@id\":\"https:\\\/\\\/secure.gravatar.com\\\/avatar\\\/?s=96&d=mm&r=g\",\"url\":\"https:\\\/\\\/secure.gravatar.com\\\/avatar\\\/?s=96&d=mm&r=g\",\"contentUrl\":\"https:\\\/\\\/secure.gravatar.com\\\/avatar\\\/?s=96&d=mm&r=g\",\"caption\":\"brazefigueiredo\"},\"url\":\"https:\\\/\\\/talktoalldigital.com.br\\\/brazefigueiredo\\\/blog\\\/author\\\/brazefigueiredo\\\/\"}]}<\/script>\n<!-- \/ Yoast SEO plugin. -->","yoast_head_json":{"title":"Fui demitido durante a pandemia, quais s\u00e3o os meus direitos? - Braz &amp; Figueiredo","robots":{"index":"index","follow":"follow","max-snippet":"max-snippet:-1","max-image-preview":"max-image-preview:large","max-video-preview":"max-video-preview:-1"},"canonical":"https:\/\/talktoalldigital.com.br\/brazefigueiredo\/blog\/fui-demitido-durante-a-pandemia-quais-sao-os-meus-direitos\/","og_locale":"pt_BR","og_type":"article","og_title":"Fui demitido durante a pandemia, quais s\u00e3o os meus direitos? - Braz &amp; Figueiredo","og_description":"Empregado dispensado durante a pandemia do coronav\u00edrus tem algum direito especial ou estabilidade? Confira Quais s\u00e3o os direitos do empregado que trabalha com carteira assinada e \u00e9 demitido durante a\u00a0pandemia do coronav\u00edrus? A dispensa durante o estado de calamidade p\u00fablica, que est\u00e1 em vigor desde 6 de mar\u00e7o, n\u00e3o d\u00e1 nenhum direito especial ao empregado. [&hellip;]","og_url":"https:\/\/talktoalldigital.com.br\/brazefigueiredo\/blog\/fui-demitido-durante-a-pandemia-quais-sao-os-meus-direitos\/","og_site_name":"Braz &amp; Figueiredo","article_publisher":"https:\/\/www.facebook.com\/brazefigueiredosociedadedeadvogados\/","article_published_time":"2020-12-01T18:08:10+00:00","article_modified_time":"2026-03-27T18:45:32+00:00","og_image":[{"width":1024,"height":678,"url":"https:\/\/talktoalldigital.com.br\/brazefigueiredo\/wp-content\/uploads\/2026\/03\/demissao-1024x678-1.jpg","type":"image\/jpeg"}],"author":"brazefigueiredo","twitter_card":"summary_large_image","twitter_misc":{"Escrito por":"brazefigueiredo","Est. tempo de leitura":"5 minutos"},"schema":{"@context":"https:\/\/schema.org","@graph":[{"@type":"Article","@id":"https:\/\/talktoalldigital.com.br\/brazefigueiredo\/blog\/fui-demitido-durante-a-pandemia-quais-sao-os-meus-direitos\/#article","isPartOf":{"@id":"https:\/\/talktoalldigital.com.br\/brazefigueiredo\/blog\/fui-demitido-durante-a-pandemia-quais-sao-os-meus-direitos\/"},"author":{"name":"brazefigueiredo","@id":"https:\/\/talktoalldigital.com.br\/brazefigueiredo\/#\/schema\/person\/f415ef976e7ef353f21f3a1827b5c255"},"headline":"Fui demitido durante a pandemia, quais s\u00e3o os meus direitos?","datePublished":"2020-12-01T18:08:10+00:00","dateModified":"2026-03-27T18:45:32+00:00","mainEntityOfPage":{"@id":"https:\/\/talktoalldigital.com.br\/brazefigueiredo\/blog\/fui-demitido-durante-a-pandemia-quais-sao-os-meus-direitos\/"},"wordCount":857,"commentCount":0,"publisher":{"@id":"https:\/\/talktoalldigital.com.br\/brazefigueiredo\/#organization"},"image":{"@id":"https:\/\/talktoalldigital.com.br\/brazefigueiredo\/blog\/fui-demitido-durante-a-pandemia-quais-sao-os-meus-direitos\/#primaryimage"},"thumbnailUrl":"https:\/\/talktoalldigital.com.br\/brazefigueiredo\/wp-content\/uploads\/2026\/03\/demissao-1024x678-1.jpg","inLanguage":"pt-BR","potentialAction":[{"@type":"CommentAction","name":"Comment","target":["https:\/\/talktoalldigital.com.br\/brazefigueiredo\/blog\/fui-demitido-durante-a-pandemia-quais-sao-os-meus-direitos\/#respond"]}]},{"@type":"WebPage","@id":"https:\/\/talktoalldigital.com.br\/brazefigueiredo\/blog\/fui-demitido-durante-a-pandemia-quais-sao-os-meus-direitos\/","url":"https:\/\/talktoalldigital.com.br\/brazefigueiredo\/blog\/fui-demitido-durante-a-pandemia-quais-sao-os-meus-direitos\/","name":"Fui demitido durante a pandemia, quais s\u00e3o os meus direitos? - Braz &amp; Figueiredo","isPartOf":{"@id":"https:\/\/talktoalldigital.com.br\/brazefigueiredo\/#website"},"primaryImageOfPage":{"@id":"https:\/\/talktoalldigital.com.br\/brazefigueiredo\/blog\/fui-demitido-durante-a-pandemia-quais-sao-os-meus-direitos\/#primaryimage"},"image":{"@id":"https:\/\/talktoalldigital.com.br\/brazefigueiredo\/blog\/fui-demitido-durante-a-pandemia-quais-sao-os-meus-direitos\/#primaryimage"},"thumbnailUrl":"https:\/\/talktoalldigital.com.br\/brazefigueiredo\/wp-content\/uploads\/2026\/03\/demissao-1024x678-1.jpg","datePublished":"2020-12-01T18:08:10+00:00","dateModified":"2026-03-27T18:45:32+00:00","breadcrumb":{"@id":"https:\/\/talktoalldigital.com.br\/brazefigueiredo\/blog\/fui-demitido-durante-a-pandemia-quais-sao-os-meus-direitos\/#breadcrumb"},"inLanguage":"pt-BR","potentialAction":[{"@type":"ReadAction","target":["https:\/\/talktoalldigital.com.br\/brazefigueiredo\/blog\/fui-demitido-durante-a-pandemia-quais-sao-os-meus-direitos\/"]}]},{"@type":"ImageObject","inLanguage":"pt-BR","@id":"https:\/\/talktoalldigital.com.br\/brazefigueiredo\/blog\/fui-demitido-durante-a-pandemia-quais-sao-os-meus-direitos\/#primaryimage","url":"https:\/\/talktoalldigital.com.br\/brazefigueiredo\/wp-content\/uploads\/2026\/03\/demissao-1024x678-1.jpg","contentUrl":"https:\/\/talktoalldigital.com.br\/brazefigueiredo\/wp-content\/uploads\/2026\/03\/demissao-1024x678-1.jpg","width":1024,"height":678},{"@type":"BreadcrumbList","@id":"https:\/\/talktoalldigital.com.br\/brazefigueiredo\/blog\/fui-demitido-durante-a-pandemia-quais-sao-os-meus-direitos\/#breadcrumb","itemListElement":[{"@type":"ListItem","position":1,"name":"In\u00edcio","item":"https:\/\/talktoalldigital.com.br\/brazefigueiredo\/"},{"@type":"ListItem","position":2,"name":"Fui demitido durante a pandemia, quais s\u00e3o os meus direitos?"}]},{"@type":"WebSite","@id":"https:\/\/talktoalldigital.com.br\/brazefigueiredo\/#website","url":"https:\/\/talktoalldigital.com.br\/brazefigueiredo\/","name":"Braz & Figueiredo","description":"Sociedade de Advogados","publisher":{"@id":"https:\/\/talktoalldigital.com.br\/brazefigueiredo\/#organization"},"potentialAction":[{"@type":"SearchAction","target":{"@type":"EntryPoint","urlTemplate":"https:\/\/talktoalldigital.com.br\/brazefigueiredo\/?s={search_term_string}"},"query-input":{"@type":"PropertyValueSpecification","valueRequired":true,"valueName":"search_term_string"}}],"inLanguage":"pt-BR"},{"@type":"Organization","@id":"https:\/\/talktoalldigital.com.br\/brazefigueiredo\/#organization","name":"Braz & Figueiredo","url":"https:\/\/talktoalldigital.com.br\/brazefigueiredo\/","logo":{"@type":"ImageObject","inLanguage":"pt-BR","@id":"https:\/\/talktoalldigital.com.br\/brazefigueiredo\/#\/schema\/logo\/image\/","url":"https:\/\/talktoalldigital.com.br\/brazefigueiredo\/wp-content\/uploads\/2026\/02\/logo-braz-e-figueiredo.svg","contentUrl":"https:\/\/talktoalldigital.com.br\/brazefigueiredo\/wp-content\/uploads\/2026\/02\/logo-braz-e-figueiredo.svg","width":275,"height":23,"caption":"Braz & Figueiredo"},"image":{"@id":"https:\/\/talktoalldigital.com.br\/brazefigueiredo\/#\/schema\/logo\/image\/"},"sameAs":["https:\/\/www.facebook.com\/brazefigueiredosociedadedeadvogados\/","https:\/\/www.instagram.com\/brazefigueiredo\/"]},{"@type":"Person","@id":"https:\/\/talktoalldigital.com.br\/brazefigueiredo\/#\/schema\/person\/f415ef976e7ef353f21f3a1827b5c255","name":"brazefigueiredo","image":{"@type":"ImageObject","inLanguage":"pt-BR","@id":"https:\/\/secure.gravatar.com\/avatar\/?s=96&d=mm&r=g","url":"https:\/\/secure.gravatar.com\/avatar\/?s=96&d=mm&r=g","contentUrl":"https:\/\/secure.gravatar.com\/avatar\/?s=96&d=mm&r=g","caption":"brazefigueiredo"},"url":"https:\/\/talktoalldigital.com.br\/brazefigueiredo\/blog\/author\/brazefigueiredo\/"}]}},"_links":{"self":[{"href":"https:\/\/talktoalldigital.com.br\/brazefigueiredo\/wp-json\/wp\/v2\/posts\/735","targetHints":{"allow":["GET"]}}],"collection":[{"href":"https:\/\/talktoalldigital.com.br\/brazefigueiredo\/wp-json\/wp\/v2\/posts"}],"about":[{"href":"https:\/\/talktoalldigital.com.br\/brazefigueiredo\/wp-json\/wp\/v2\/types\/post"}],"author":[{"embeddable":true,"href":"https:\/\/talktoalldigital.com.br\/brazefigueiredo\/wp-json\/wp\/v2\/users\/6"}],"replies":[{"embeddable":true,"href":"https:\/\/talktoalldigital.com.br\/brazefigueiredo\/wp-json\/wp\/v2\/comments?post=735"}],"version-history":[{"count":1,"href":"https:\/\/talktoalldigital.com.br\/brazefigueiredo\/wp-json\/wp\/v2\/posts\/735\/revisions"}],"predecessor-version":[{"id":3962,"href":"https:\/\/talktoalldigital.com.br\/brazefigueiredo\/wp-json\/wp\/v2\/posts\/735\/revisions\/3962"}],"wp:featuredmedia":[{"embeddable":true,"href":"https:\/\/talktoalldigital.com.br\/brazefigueiredo\/wp-json\/wp\/v2\/media\/3948"}],"wp:attachment":[{"href":"https:\/\/talktoalldigital.com.br\/brazefigueiredo\/wp-json\/wp\/v2\/media?parent=735"}],"wp:term":[{"taxonomy":"category","embeddable":true,"href":"https:\/\/talktoalldigital.com.br\/brazefigueiredo\/wp-json\/wp\/v2\/categories?post=735"},{"taxonomy":"post_tag","embeddable":true,"href":"https:\/\/talktoalldigital.com.br\/brazefigueiredo\/wp-json\/wp\/v2\/tags?post=735"}],"curies":[{"name":"wp","href":"https:\/\/api.w.org\/{rel}","templated":true}]}}