{"id":740,"date":"2021-07-01T12:59:41","date_gmt":"2021-07-01T15:59:41","guid":{"rendered":"https:\/\/brazefigueiredo.com\/?p=722"},"modified":"2026-03-27T15:44:47","modified_gmt":"2026-03-27T18:44:47","slug":"tutela-e-curatela-quais-os-direitos-de-representacao-dos-incapazes","status":"publish","type":"post","link":"https:\/\/talktoalldigital.com.br\/brazefigueiredo\/blog\/tutela-e-curatela-quais-os-direitos-de-representacao-dos-incapazes\/","title":{"rendered":"Tutela e Curatela: Quais os direitos de representa\u00e7\u00e3o dos incapazes?"},"content":{"rendered":"\n<p>Saiba qual \u00e9 a diferen\u00e7a entre tutela e curatela e entenda como acontece a representa\u00e7\u00e3o dos incapazes em cada um dos casos. Se voc\u00ea deseja entender de forma objetiva e clara pontos importantes sobre este assunto, nos acompanhe neste post.<\/p>\n\n\n\n<p><strong>O que \u00e9 Tutela?<\/strong><\/p>\n\n\n\n<p>A Tutela \u00e9 um encargo ou autoridade concedida a determinada pessoa para que ela possa administrar os bens e proteger um menor de idade.<\/p>\n\n\n\n<p>Assim determina o art. 1728 do C\u00f3digo Civil:<\/p>\n\n\n\n<p>Art. 1.728. Os filhos menores s\u00e3o postos em tutela:<\/p>\n\n\n\n<p>I \u2014 com o falecimento dos pais, ou sendo estes julgados ausentes;<\/p>\n\n\n\n<p>II \u2014 em caso de os pais deca\u00edrem do poder familiar<\/p>\n\n\n\n<p>Al\u00e9m do C\u00f3digo Civil, o ECA &#8211; Estatuto da Crian\u00e7a e do Adolescente &#8211; tamb\u00e9m disciplina o assunto atrav\u00e9s do art. 36 que disp\u00f5e:<\/p>\n\n\n\n<p>Art. 36. A tutela ser\u00e1 deferida, nos termos da lei civil, \u00e0 pessoa de at\u00e9 18 (dezoito) anos incompletos.<\/p>\n\n\n\n<p>O deferimento da tutela pressup\u00f5e a pr\u00e9via decreta\u00e7\u00e3o da perda ou suspens\u00e3o do poder familiar e implica necessariamente o dever de guarda.<\/p>\n\n\n\n<p>Portanto, podemos identificar que o menor, ou seja, quem possui menos de 18 anos, pode passar pela tutela. A tutela pode ser estabelecida por lei ou por testamento e se aplica no caso de falecimento dos genitores ou perda de poder familiar.\u00a0<\/p>\n\n\n\n<p><strong>Conhe\u00e7a os tr\u00eas tipos de Tutela<\/strong><\/p>\n\n\n\n<p>A lei estabelece tr\u00eas tipos de tutela, vamos conferir.<\/p>\n\n\n\n<ul class=\"wp-block-list\"><li>Tutela Testament\u00e1ria<\/li><\/ul>\n\n\n\n<p>Se estabelece atrav\u00e9s de testamento ou documento autenticado.&nbsp;<\/p>\n\n\n\n<p>Nesse caso, os pais, em conjunto, determinam quem ser\u00e1 o tutor por ato de \u00faltima vontade.<\/p>\n\n\n\n<p>Vale lembrar que nesses casos n\u00e3o \u00e9 obrigat\u00f3rio que o respons\u00e1vel pela tutela tenha la\u00e7os de parentesco com o tutelado.<\/p>\n\n\n\n<ul class=\"wp-block-list\"><li>Tutela Legal<\/li><\/ul>\n\n\n\n<p>Nesse caso, os pais n\u00e3o escolheram um tutor, este ser\u00e1 nomeado conforme a lei estabelece, ou seja, nomeiam-se os parentes consangu\u00edneos do menor, seguindo a ordem estabelecida pelo C\u00f3digo Civil.<\/p>\n\n\n\n<ul class=\"wp-block-list\"><li>Tutela Dativa<\/li><\/ul>\n\n\n\n<p>Por fim, a tutela dativa, utilizada como \u00faltima op\u00e7\u00e3o, \u00e9 aquel em que o respons\u00e1vel \u00e9 determinado atrav\u00e9s de uma senten\u00e7a judicial, ou seja, o juiz determina um respons\u00e1vel legal para defender o menor e seus bens.<\/p>\n\n\n\n<p><strong><\/strong><strong>Tutela e Presta\u00e7\u00e3o de Contas<\/strong><\/p>\n\n\n\n<p>Por se tornarem respons\u00e1veis legais pelo patrim\u00f4nio e bens do tutelado, os respons\u00e1veis legais tem o dever de prestar contas.<\/p>\n\n\n\n<p>Portanto, ser\u00e1 importante que o respons\u00e1vel mantenha atualizado o controle sobre os gastos com educa\u00e7\u00e3o, alimenta\u00e7\u00e3o, sa\u00fade, dentre outros, para justificar a destina\u00e7\u00e3o do patrim\u00f4nio ou bens do menor.<\/p>\n\n\n\n<p>Essa presta\u00e7\u00e3o de contas ocorre de dois em dois anos ou por per\u00edodo diferente, caso seja exigido judicialmente.<\/p>\n\n\n\n<p><strong>O que \u00e9 Curatela?<\/strong><\/p>\n\n\n\n<p>A curatela visa proteger a pessoa maior, quando ela for incapaz, quando passa por certa circunst\u00e2ncia que impe\u00e7a a sua livre e consciente manifesta\u00e7\u00e3o de vontade.<\/p>\n\n\n\n<p>Diferente da tutela, para que o respons\u00e1vel obtenha a curatela de uma pessoa \u00e9 necess\u00e1rio passar pelo processo de interdi\u00e7\u00e3o.&nbsp;<\/p>\n\n\n\n<p>Neste processo, a parte comprova que as condi\u00e7\u00f5es psicol\u00f3gicas do curatelado n\u00e3o s\u00e3o suficientes para gerir os seus bens e tomar as pr\u00f3prias decis\u00f5es.&nbsp;<\/p>\n\n\n\n<p>A curatela est\u00e1 prevista nos artigos 1.767 e 1.783 do C\u00f3digo Civil, podendo, subsidiariamente, ser aplicado o texto legal previsto para a tutela (art. 1.728 a art. 1.766 do C\u00f3digo Civil).<\/p>\n\n\n\n<p>Em resumo, a curatela \u00e9 o meio utilizado quando determinada pessoa \u00e9 incapaz, no sentido legal, ou seja, n\u00e3o possui condi\u00e7\u00f5es de manifestar sua vontade na pr\u00e1tica de atos da vida civil.<\/p>\n\n\n\n<p>Nesses casos, um terceiro se apresenta como solu\u00e7\u00e3o para atuar em nome do curatelado sob as penas e responsabilidades da lei.<\/p>\n\n\n\n<p><strong>Qual \u00e9 a diferen\u00e7a entre Tutela e Curatela?<\/strong><\/p>\n\n\n\n<p>Tanto a tutela quanto a curatela servem para que um terceiro administre e seja respons\u00e1vel por uma pessoa.<\/p>\n\n\n\n<p>A responsabilidade vai al\u00e9m da gest\u00e3o do patrim\u00f4nio atingindo, tamb\u00e9m h\u00e1 tomada de decis\u00f5es e responsabiliza\u00e7\u00e3o sobre esses atos.&nbsp;<\/p>\n\n\n\n<p>A maior diferen\u00e7a entre esses dois institutos \u00e9 que a curatela visa nomear um respons\u00e1vel para uma pessoa maior de idade, geralmente por motivos de idade ou defici\u00eancia.<\/p>\n\n\n\n<p>J\u00e1 a tutela \u00e9 destinada \u00e0 nomea\u00e7\u00e3o de um terceiro para se responsabilizar por um menor, at\u00e9 que ele tenha idade suficiente para os atos da vida civil.<\/p>\n\n\n\n<p>Tanto no caso da tutela quanto da curatela, \u00e9 fundamental a orienta\u00e7\u00e3o de um advogado especialista para indicar n\u00e3o s\u00f3 os direitos mas tamb\u00e9m a responsabilidade de quem recebe este encargo.<\/p>\n","protected":false},"excerpt":{"rendered":"<p>Saiba qual \u00e9 a diferen\u00e7a entre tutela e curatela e entenda como acontece a representa\u00e7\u00e3o dos incapazes em cada um dos casos. Se voc\u00ea deseja entender de forma objetiva e clara pontos importantes sobre este assunto, nos acompanhe neste post. O que \u00e9 Tutela? A Tutela \u00e9 um encargo ou autoridade concedida a determinada pessoa [&hellip;]<\/p>\n","protected":false},"author":6,"featured_media":3932,"comment_status":"open","ping_status":"open","sticky":false,"template":"","format":"standard","meta":{"_acf_changed":false,"footnotes":""},"categories":[22],"tags":[23,24,25,26,27],"class_list":["post-740","post","type-post","status-publish","format-standard","has-post-thumbnail","hentry","category-sem-categoria","tag-codigo-civil","tag-curatela","tag-direito-civil","tag-leis","tag-tutela"],"acf":[],"yoast_head":"<!-- This site is optimized with the Yoast SEO plugin v27.3 - https:\/\/yoast.com\/product\/yoast-seo-wordpress\/ -->\n<title>Tutela e Curatela: Quais os direitos de representa\u00e7\u00e3o dos incapazes? - Braz &amp; Figueiredo<\/title>\n<meta name=\"description\" content=\"Saiba qual \u00e9 a diferen\u00e7a entre tutela e curatela e entenda como acontece a representa\u00e7\u00e3o dos incapazes em cada um dos casos.\" \/>\n<meta name=\"robots\" content=\"index, follow, max-snippet:-1, max-image-preview:large, max-video-preview:-1\" \/>\n<link rel=\"canonical\" href=\"https:\/\/talktoalldigital.com.br\/brazefigueiredo\/blog\/tutela-e-curatela-quais-os-direitos-de-representacao-dos-incapazes\/\" \/>\n<meta property=\"og:locale\" content=\"pt_BR\" \/>\n<meta property=\"og:type\" content=\"article\" \/>\n<meta property=\"og:title\" content=\"Tutela e Curatela: Quais os direitos de representa\u00e7\u00e3o dos incapazes? - Braz &amp; Figueiredo\" \/>\n<meta property=\"og:description\" content=\"Saiba qual \u00e9 a diferen\u00e7a entre tutela e curatela e entenda como acontece a representa\u00e7\u00e3o dos incapazes em cada um dos casos.\" \/>\n<meta property=\"og:url\" content=\"https:\/\/talktoalldigital.com.br\/brazefigueiredo\/blog\/tutela-e-curatela-quais-os-direitos-de-representacao-dos-incapazes\/\" \/>\n<meta property=\"og:site_name\" content=\"Braz &amp; Figueiredo\" \/>\n<meta property=\"article:publisher\" content=\"https:\/\/www.facebook.com\/brazefigueiredosociedadedeadvogados\/\" \/>\n<meta property=\"article:published_time\" content=\"2021-07-01T15:59:41+00:00\" \/>\n<meta property=\"article:modified_time\" content=\"2026-03-27T18:44:47+00:00\" \/>\n<meta property=\"og:image\" content=\"https:\/\/talktoalldigital.com.br\/brazefigueiredo\/wp-content\/uploads\/2025\/12\/Capa-Post-Blog-Braz-e-Figueiredo-reducao-1.webp\" \/>\n\t<meta property=\"og:image:width\" content=\"1920\" \/>\n\t<meta property=\"og:image:height\" content=\"1080\" \/>\n\t<meta property=\"og:image:type\" content=\"image\/webp\" \/>\n<meta name=\"author\" content=\"brazefigueiredo\" \/>\n<meta name=\"twitter:card\" content=\"summary_large_image\" \/>\n<meta name=\"twitter:label1\" content=\"Escrito por\" \/>\n\t<meta name=\"twitter:data1\" content=\"brazefigueiredo\" \/>\n\t<meta name=\"twitter:label2\" content=\"Est. tempo de leitura\" \/>\n\t<meta name=\"twitter:data2\" content=\"5 minutos\" \/>\n<script type=\"application\/ld+json\" class=\"yoast-schema-graph\">{\"@context\":\"https:\\\/\\\/schema.org\",\"@graph\":[{\"@type\":\"Article\",\"@id\":\"https:\\\/\\\/talktoalldigital.com.br\\\/brazefigueiredo\\\/blog\\\/tutela-e-curatela-quais-os-direitos-de-representacao-dos-incapazes\\\/#article\",\"isPartOf\":{\"@id\":\"https:\\\/\\\/talktoalldigital.com.br\\\/brazefigueiredo\\\/blog\\\/tutela-e-curatela-quais-os-direitos-de-representacao-dos-incapazes\\\/\"},\"author\":{\"name\":\"brazefigueiredo\",\"@id\":\"https:\\\/\\\/talktoalldigital.com.br\\\/brazefigueiredo\\\/#\\\/schema\\\/person\\\/f415ef976e7ef353f21f3a1827b5c255\"},\"headline\":\"Tutela e Curatela: Quais os direitos de representa\u00e7\u00e3o dos incapazes?\",\"datePublished\":\"2021-07-01T15:59:41+00:00\",\"dateModified\":\"2026-03-27T18:44:47+00:00\",\"mainEntityOfPage\":{\"@id\":\"https:\\\/\\\/talktoalldigital.com.br\\\/brazefigueiredo\\\/blog\\\/tutela-e-curatela-quais-os-direitos-de-representacao-dos-incapazes\\\/\"},\"wordCount\":773,\"commentCount\":0,\"publisher\":{\"@id\":\"https:\\\/\\\/talktoalldigital.com.br\\\/brazefigueiredo\\\/#organization\"},\"image\":{\"@id\":\"https:\\\/\\\/talktoalldigital.com.br\\\/brazefigueiredo\\\/blog\\\/tutela-e-curatela-quais-os-direitos-de-representacao-dos-incapazes\\\/#primaryimage\"},\"thumbnailUrl\":\"https:\\\/\\\/talktoalldigital.com.br\\\/brazefigueiredo\\\/wp-content\\\/uploads\\\/2025\\\/12\\\/Capa-Post-Blog-Braz-e-Figueiredo-reducao-1.webp\",\"keywords\":[\"c\u00f3digo civil\",\"curatela\",\"direito c\u00edvil\",\"leis\",\"tutela\"],\"inLanguage\":\"pt-BR\",\"potentialAction\":[{\"@type\":\"CommentAction\",\"name\":\"Comment\",\"target\":[\"https:\\\/\\\/talktoalldigital.com.br\\\/brazefigueiredo\\\/blog\\\/tutela-e-curatela-quais-os-direitos-de-representacao-dos-incapazes\\\/#respond\"]}]},{\"@type\":\"WebPage\",\"@id\":\"https:\\\/\\\/talktoalldigital.com.br\\\/brazefigueiredo\\\/blog\\\/tutela-e-curatela-quais-os-direitos-de-representacao-dos-incapazes\\\/\",\"url\":\"https:\\\/\\\/talktoalldigital.com.br\\\/brazefigueiredo\\\/blog\\\/tutela-e-curatela-quais-os-direitos-de-representacao-dos-incapazes\\\/\",\"name\":\"Tutela e Curatela: Quais os direitos de representa\u00e7\u00e3o dos incapazes? - Braz &amp; Figueiredo\",\"isPartOf\":{\"@id\":\"https:\\\/\\\/talktoalldigital.com.br\\\/brazefigueiredo\\\/#website\"},\"primaryImageOfPage\":{\"@id\":\"https:\\\/\\\/talktoalldigital.com.br\\\/brazefigueiredo\\\/blog\\\/tutela-e-curatela-quais-os-direitos-de-representacao-dos-incapazes\\\/#primaryimage\"},\"image\":{\"@id\":\"https:\\\/\\\/talktoalldigital.com.br\\\/brazefigueiredo\\\/blog\\\/tutela-e-curatela-quais-os-direitos-de-representacao-dos-incapazes\\\/#primaryimage\"},\"thumbnailUrl\":\"https:\\\/\\\/talktoalldigital.com.br\\\/brazefigueiredo\\\/wp-content\\\/uploads\\\/2025\\\/12\\\/Capa-Post-Blog-Braz-e-Figueiredo-reducao-1.webp\",\"datePublished\":\"2021-07-01T15:59:41+00:00\",\"dateModified\":\"2026-03-27T18:44:47+00:00\",\"description\":\"Saiba qual \u00e9 a diferen\u00e7a entre tutela e curatela e entenda como acontece a representa\u00e7\u00e3o dos incapazes em cada um dos casos.\",\"breadcrumb\":{\"@id\":\"https:\\\/\\\/talktoalldigital.com.br\\\/brazefigueiredo\\\/blog\\\/tutela-e-curatela-quais-os-direitos-de-representacao-dos-incapazes\\\/#breadcrumb\"},\"inLanguage\":\"pt-BR\",\"potentialAction\":[{\"@type\":\"ReadAction\",\"target\":[\"https:\\\/\\\/talktoalldigital.com.br\\\/brazefigueiredo\\\/blog\\\/tutela-e-curatela-quais-os-direitos-de-representacao-dos-incapazes\\\/\"]}]},{\"@type\":\"ImageObject\",\"inLanguage\":\"pt-BR\",\"@id\":\"https:\\\/\\\/talktoalldigital.com.br\\\/brazefigueiredo\\\/blog\\\/tutela-e-curatela-quais-os-direitos-de-representacao-dos-incapazes\\\/#primaryimage\",\"url\":\"https:\\\/\\\/talktoalldigital.com.br\\\/brazefigueiredo\\\/wp-content\\\/uploads\\\/2025\\\/12\\\/Capa-Post-Blog-Braz-e-Figueiredo-reducao-1.webp\",\"contentUrl\":\"https:\\\/\\\/talktoalldigital.com.br\\\/brazefigueiredo\\\/wp-content\\\/uploads\\\/2025\\\/12\\\/Capa-Post-Blog-Braz-e-Figueiredo-reducao-1.webp\",\"width\":1920,\"height\":1080},{\"@type\":\"BreadcrumbList\",\"@id\":\"https:\\\/\\\/talktoalldigital.com.br\\\/brazefigueiredo\\\/blog\\\/tutela-e-curatela-quais-os-direitos-de-representacao-dos-incapazes\\\/#breadcrumb\",\"itemListElement\":[{\"@type\":\"ListItem\",\"position\":1,\"name\":\"In\u00edcio\",\"item\":\"https:\\\/\\\/talktoalldigital.com.br\\\/brazefigueiredo\\\/\"},{\"@type\":\"ListItem\",\"position\":2,\"name\":\"Tutela e Curatela: Quais os direitos de representa\u00e7\u00e3o dos incapazes?\"}]},{\"@type\":\"WebSite\",\"@id\":\"https:\\\/\\\/talktoalldigital.com.br\\\/brazefigueiredo\\\/#website\",\"url\":\"https:\\\/\\\/talktoalldigital.com.br\\\/brazefigueiredo\\\/\",\"name\":\"Braz & Figueiredo\",\"description\":\"Sociedade de Advogados\",\"publisher\":{\"@id\":\"https:\\\/\\\/talktoalldigital.com.br\\\/brazefigueiredo\\\/#organization\"},\"potentialAction\":[{\"@type\":\"SearchAction\",\"target\":{\"@type\":\"EntryPoint\",\"urlTemplate\":\"https:\\\/\\\/talktoalldigital.com.br\\\/brazefigueiredo\\\/?s={search_term_string}\"},\"query-input\":{\"@type\":\"PropertyValueSpecification\",\"valueRequired\":true,\"valueName\":\"search_term_string\"}}],\"inLanguage\":\"pt-BR\"},{\"@type\":\"Organization\",\"@id\":\"https:\\\/\\\/talktoalldigital.com.br\\\/brazefigueiredo\\\/#organization\",\"name\":\"Braz & Figueiredo\",\"url\":\"https:\\\/\\\/talktoalldigital.com.br\\\/brazefigueiredo\\\/\",\"logo\":{\"@type\":\"ImageObject\",\"inLanguage\":\"pt-BR\",\"@id\":\"https:\\\/\\\/talktoalldigital.com.br\\\/brazefigueiredo\\\/#\\\/schema\\\/logo\\\/image\\\/\",\"url\":\"https:\\\/\\\/talktoalldigital.com.br\\\/brazefigueiredo\\\/wp-content\\\/uploads\\\/2026\\\/02\\\/logo-braz-e-figueiredo.svg\",\"contentUrl\":\"https:\\\/\\\/talktoalldigital.com.br\\\/brazefigueiredo\\\/wp-content\\\/uploads\\\/2026\\\/02\\\/logo-braz-e-figueiredo.svg\",\"width\":275,\"height\":23,\"caption\":\"Braz & Figueiredo\"},\"image\":{\"@id\":\"https:\\\/\\\/talktoalldigital.com.br\\\/brazefigueiredo\\\/#\\\/schema\\\/logo\\\/image\\\/\"},\"sameAs\":[\"https:\\\/\\\/www.facebook.com\\\/brazefigueiredosociedadedeadvogados\\\/\",\"https:\\\/\\\/www.instagram.com\\\/brazefigueiredo\\\/\"]},{\"@type\":\"Person\",\"@id\":\"https:\\\/\\\/talktoalldigital.com.br\\\/brazefigueiredo\\\/#\\\/schema\\\/person\\\/f415ef976e7ef353f21f3a1827b5c255\",\"name\":\"brazefigueiredo\",\"image\":{\"@type\":\"ImageObject\",\"inLanguage\":\"pt-BR\",\"@id\":\"https:\\\/\\\/secure.gravatar.com\\\/avatar\\\/?s=96&d=mm&r=g\",\"url\":\"https:\\\/\\\/secure.gravatar.com\\\/avatar\\\/?s=96&d=mm&r=g\",\"contentUrl\":\"https:\\\/\\\/secure.gravatar.com\\\/avatar\\\/?s=96&d=mm&r=g\",\"caption\":\"brazefigueiredo\"},\"url\":\"https:\\\/\\\/talktoalldigital.com.br\\\/brazefigueiredo\\\/blog\\\/author\\\/brazefigueiredo\\\/\"}]}<\/script>\n<!-- \/ Yoast SEO plugin. -->","yoast_head_json":{"title":"Tutela e Curatela: Quais os direitos de representa\u00e7\u00e3o dos incapazes? - Braz &amp; Figueiredo","description":"Saiba qual \u00e9 a diferen\u00e7a entre tutela e curatela e entenda como acontece a representa\u00e7\u00e3o dos incapazes em cada um dos casos.","robots":{"index":"index","follow":"follow","max-snippet":"max-snippet:-1","max-image-preview":"max-image-preview:large","max-video-preview":"max-video-preview:-1"},"canonical":"https:\/\/talktoalldigital.com.br\/brazefigueiredo\/blog\/tutela-e-curatela-quais-os-direitos-de-representacao-dos-incapazes\/","og_locale":"pt_BR","og_type":"article","og_title":"Tutela e Curatela: Quais os direitos de representa\u00e7\u00e3o dos incapazes? - Braz &amp; Figueiredo","og_description":"Saiba qual \u00e9 a diferen\u00e7a entre tutela e curatela e entenda como acontece a representa\u00e7\u00e3o dos incapazes em cada um dos casos.","og_url":"https:\/\/talktoalldigital.com.br\/brazefigueiredo\/blog\/tutela-e-curatela-quais-os-direitos-de-representacao-dos-incapazes\/","og_site_name":"Braz &amp; Figueiredo","article_publisher":"https:\/\/www.facebook.com\/brazefigueiredosociedadedeadvogados\/","article_published_time":"2021-07-01T15:59:41+00:00","article_modified_time":"2026-03-27T18:44:47+00:00","og_image":[{"width":1920,"height":1080,"url":"https:\/\/talktoalldigital.com.br\/brazefigueiredo\/wp-content\/uploads\/2025\/12\/Capa-Post-Blog-Braz-e-Figueiredo-reducao-1.webp","type":"image\/webp"}],"author":"brazefigueiredo","twitter_card":"summary_large_image","twitter_misc":{"Escrito por":"brazefigueiredo","Est. tempo de leitura":"5 minutos"},"schema":{"@context":"https:\/\/schema.org","@graph":[{"@type":"Article","@id":"https:\/\/talktoalldigital.com.br\/brazefigueiredo\/blog\/tutela-e-curatela-quais-os-direitos-de-representacao-dos-incapazes\/#article","isPartOf":{"@id":"https:\/\/talktoalldigital.com.br\/brazefigueiredo\/blog\/tutela-e-curatela-quais-os-direitos-de-representacao-dos-incapazes\/"},"author":{"name":"brazefigueiredo","@id":"https:\/\/talktoalldigital.com.br\/brazefigueiredo\/#\/schema\/person\/f415ef976e7ef353f21f3a1827b5c255"},"headline":"Tutela e Curatela: Quais os direitos de representa\u00e7\u00e3o dos incapazes?","datePublished":"2021-07-01T15:59:41+00:00","dateModified":"2026-03-27T18:44:47+00:00","mainEntityOfPage":{"@id":"https:\/\/talktoalldigital.com.br\/brazefigueiredo\/blog\/tutela-e-curatela-quais-os-direitos-de-representacao-dos-incapazes\/"},"wordCount":773,"commentCount":0,"publisher":{"@id":"https:\/\/talktoalldigital.com.br\/brazefigueiredo\/#organization"},"image":{"@id":"https:\/\/talktoalldigital.com.br\/brazefigueiredo\/blog\/tutela-e-curatela-quais-os-direitos-de-representacao-dos-incapazes\/#primaryimage"},"thumbnailUrl":"https:\/\/talktoalldigital.com.br\/brazefigueiredo\/wp-content\/uploads\/2025\/12\/Capa-Post-Blog-Braz-e-Figueiredo-reducao-1.webp","keywords":["c\u00f3digo civil","curatela","direito c\u00edvil","leis","tutela"],"inLanguage":"pt-BR","potentialAction":[{"@type":"CommentAction","name":"Comment","target":["https:\/\/talktoalldigital.com.br\/brazefigueiredo\/blog\/tutela-e-curatela-quais-os-direitos-de-representacao-dos-incapazes\/#respond"]}]},{"@type":"WebPage","@id":"https:\/\/talktoalldigital.com.br\/brazefigueiredo\/blog\/tutela-e-curatela-quais-os-direitos-de-representacao-dos-incapazes\/","url":"https:\/\/talktoalldigital.com.br\/brazefigueiredo\/blog\/tutela-e-curatela-quais-os-direitos-de-representacao-dos-incapazes\/","name":"Tutela e Curatela: Quais os direitos de representa\u00e7\u00e3o dos incapazes? - Braz &amp; Figueiredo","isPartOf":{"@id":"https:\/\/talktoalldigital.com.br\/brazefigueiredo\/#website"},"primaryImageOfPage":{"@id":"https:\/\/talktoalldigital.com.br\/brazefigueiredo\/blog\/tutela-e-curatela-quais-os-direitos-de-representacao-dos-incapazes\/#primaryimage"},"image":{"@id":"https:\/\/talktoalldigital.com.br\/brazefigueiredo\/blog\/tutela-e-curatela-quais-os-direitos-de-representacao-dos-incapazes\/#primaryimage"},"thumbnailUrl":"https:\/\/talktoalldigital.com.br\/brazefigueiredo\/wp-content\/uploads\/2025\/12\/Capa-Post-Blog-Braz-e-Figueiredo-reducao-1.webp","datePublished":"2021-07-01T15:59:41+00:00","dateModified":"2026-03-27T18:44:47+00:00","description":"Saiba qual \u00e9 a diferen\u00e7a entre tutela e curatela e entenda como acontece a representa\u00e7\u00e3o dos incapazes em cada um dos casos.","breadcrumb":{"@id":"https:\/\/talktoalldigital.com.br\/brazefigueiredo\/blog\/tutela-e-curatela-quais-os-direitos-de-representacao-dos-incapazes\/#breadcrumb"},"inLanguage":"pt-BR","potentialAction":[{"@type":"ReadAction","target":["https:\/\/talktoalldigital.com.br\/brazefigueiredo\/blog\/tutela-e-curatela-quais-os-direitos-de-representacao-dos-incapazes\/"]}]},{"@type":"ImageObject","inLanguage":"pt-BR","@id":"https:\/\/talktoalldigital.com.br\/brazefigueiredo\/blog\/tutela-e-curatela-quais-os-direitos-de-representacao-dos-incapazes\/#primaryimage","url":"https:\/\/talktoalldigital.com.br\/brazefigueiredo\/wp-content\/uploads\/2025\/12\/Capa-Post-Blog-Braz-e-Figueiredo-reducao-1.webp","contentUrl":"https:\/\/talktoalldigital.com.br\/brazefigueiredo\/wp-content\/uploads\/2025\/12\/Capa-Post-Blog-Braz-e-Figueiredo-reducao-1.webp","width":1920,"height":1080},{"@type":"BreadcrumbList","@id":"https:\/\/talktoalldigital.com.br\/brazefigueiredo\/blog\/tutela-e-curatela-quais-os-direitos-de-representacao-dos-incapazes\/#breadcrumb","itemListElement":[{"@type":"ListItem","position":1,"name":"In\u00edcio","item":"https:\/\/talktoalldigital.com.br\/brazefigueiredo\/"},{"@type":"ListItem","position":2,"name":"Tutela e Curatela: Quais os direitos de representa\u00e7\u00e3o dos incapazes?"}]},{"@type":"WebSite","@id":"https:\/\/talktoalldigital.com.br\/brazefigueiredo\/#website","url":"https:\/\/talktoalldigital.com.br\/brazefigueiredo\/","name":"Braz & Figueiredo","description":"Sociedade de Advogados","publisher":{"@id":"https:\/\/talktoalldigital.com.br\/brazefigueiredo\/#organization"},"potentialAction":[{"@type":"SearchAction","target":{"@type":"EntryPoint","urlTemplate":"https:\/\/talktoalldigital.com.br\/brazefigueiredo\/?s={search_term_string}"},"query-input":{"@type":"PropertyValueSpecification","valueRequired":true,"valueName":"search_term_string"}}],"inLanguage":"pt-BR"},{"@type":"Organization","@id":"https:\/\/talktoalldigital.com.br\/brazefigueiredo\/#organization","name":"Braz & Figueiredo","url":"https:\/\/talktoalldigital.com.br\/brazefigueiredo\/","logo":{"@type":"ImageObject","inLanguage":"pt-BR","@id":"https:\/\/talktoalldigital.com.br\/brazefigueiredo\/#\/schema\/logo\/image\/","url":"https:\/\/talktoalldigital.com.br\/brazefigueiredo\/wp-content\/uploads\/2026\/02\/logo-braz-e-figueiredo.svg","contentUrl":"https:\/\/talktoalldigital.com.br\/brazefigueiredo\/wp-content\/uploads\/2026\/02\/logo-braz-e-figueiredo.svg","width":275,"height":23,"caption":"Braz & Figueiredo"},"image":{"@id":"https:\/\/talktoalldigital.com.br\/brazefigueiredo\/#\/schema\/logo\/image\/"},"sameAs":["https:\/\/www.facebook.com\/brazefigueiredosociedadedeadvogados\/","https:\/\/www.instagram.com\/brazefigueiredo\/"]},{"@type":"Person","@id":"https:\/\/talktoalldigital.com.br\/brazefigueiredo\/#\/schema\/person\/f415ef976e7ef353f21f3a1827b5c255","name":"brazefigueiredo","image":{"@type":"ImageObject","inLanguage":"pt-BR","@id":"https:\/\/secure.gravatar.com\/avatar\/?s=96&d=mm&r=g","url":"https:\/\/secure.gravatar.com\/avatar\/?s=96&d=mm&r=g","contentUrl":"https:\/\/secure.gravatar.com\/avatar\/?s=96&d=mm&r=g","caption":"brazefigueiredo"},"url":"https:\/\/talktoalldigital.com.br\/brazefigueiredo\/blog\/author\/brazefigueiredo\/"}]}},"_links":{"self":[{"href":"https:\/\/talktoalldigital.com.br\/brazefigueiredo\/wp-json\/wp\/v2\/posts\/740","targetHints":{"allow":["GET"]}}],"collection":[{"href":"https:\/\/talktoalldigital.com.br\/brazefigueiredo\/wp-json\/wp\/v2\/posts"}],"about":[{"href":"https:\/\/talktoalldigital.com.br\/brazefigueiredo\/wp-json\/wp\/v2\/types\/post"}],"author":[{"embeddable":true,"href":"https:\/\/talktoalldigital.com.br\/brazefigueiredo\/wp-json\/wp\/v2\/users\/6"}],"replies":[{"embeddable":true,"href":"https:\/\/talktoalldigital.com.br\/brazefigueiredo\/wp-json\/wp\/v2\/comments?post=740"}],"version-history":[{"count":1,"href":"https:\/\/talktoalldigital.com.br\/brazefigueiredo\/wp-json\/wp\/v2\/posts\/740\/revisions"}],"predecessor-version":[{"id":3957,"href":"https:\/\/talktoalldigital.com.br\/brazefigueiredo\/wp-json\/wp\/v2\/posts\/740\/revisions\/3957"}],"wp:featuredmedia":[{"embeddable":true,"href":"https:\/\/talktoalldigital.com.br\/brazefigueiredo\/wp-json\/wp\/v2\/media\/3932"}],"wp:attachment":[{"href":"https:\/\/talktoalldigital.com.br\/brazefigueiredo\/wp-json\/wp\/v2\/media?parent=740"}],"wp:term":[{"taxonomy":"category","embeddable":true,"href":"https:\/\/talktoalldigital.com.br\/brazefigueiredo\/wp-json\/wp\/v2\/categories?post=740"},{"taxonomy":"post_tag","embeddable":true,"href":"https:\/\/talktoalldigital.com.br\/brazefigueiredo\/wp-json\/wp\/v2\/tags?post=740"}],"curies":[{"name":"wp","href":"https:\/\/api.w.org\/{rel}","templated":true}]}}