{"id":816,"date":"2021-07-14T17:09:51","date_gmt":"2021-07-14T20:09:51","guid":{"rendered":"https:\/\/brazefigueiredo.com\/?p=816"},"modified":"2026-03-27T15:44:09","modified_gmt":"2026-03-27T18:44:09","slug":"quantas-horas-de-descanso-deve-haver-entre-uma-jornada-de-trabalho-e-outra","status":"publish","type":"post","link":"https:\/\/talktoalldigital.com.br\/brazefigueiredo\/blog\/quantas-horas-de-descanso-deve-haver-entre-uma-jornada-de-trabalho-e-outra\/","title":{"rendered":"Quantas horas de descanso deve haver entre uma jornada de trabalho e outra?"},"content":{"rendered":"\n<p>Se voc\u00ea ainda n\u00e3o conhece as regras do Intervalo Interjornada, neste post vamos explicar todos os pontos necess\u00e1rios para voc\u00ea entender este importante direito.<\/p>\n\n\n\n<p><strong>O que \u00e9 o Intervalo Interjornada?<\/strong><\/p>\n\n\n\n<p>Este \u00e9 o nome dado para o intervalo entre uma jornada de trabalho e outra.<\/p>\n\n\n\n<p>A jornada de trabalho, nada mais \u00e9 do que o seu expediente, ou seja, sua carga di\u00e1ria de horas trabalhadas.<\/p>\n\n\n\n<p>Quando voc\u00ea encerra o seu expediente ou seja, a partir do fim da sua jornada, inicia a contagem do Intervalo Interjornada.<\/p>\n\n\n\n<p><strong>Qual \u00e9 o Intervalo Interjornada m\u00ednimo?<\/strong><\/p>\n\n\n\n<p>A CLT determina que entre uma jornada de trabalho e outra \u00e9 importante haver 11 horas de descanso, confira:<\/p>\n\n\n\n<p>Art. 66 &#8211; Entre 2 (duas) jornadas de trabalho haver\u00e1 um per\u00edodo m\u00ednimo de 11 (onze) horas consecutivas para descanso.<\/p>\n\n\n\n<p>Portanto, conforme determina\u00e7\u00e3o expressa da CLT, esse per\u00edodo m\u00ednimo de tempo deve ser respeitado pelas empresas.<\/p>\n\n\n\n<p><strong>A empresa pode reduzir o tempo de Intervalo Interjornada?<\/strong><\/p>\n\n\n\n<p>Via de regra n\u00e3o. A legisla\u00e7\u00e3o n\u00e3o permite reduzir ou fracionar o per\u00edodo de descanso, pois ele serve para garantir a sa\u00fade, higiene e seguran\u00e7a do trabalhador.<\/p>\n\n\n\n<ul class=\"wp-block-list\"><li>Mas e se a empresa desacata essa determina\u00e7\u00e3o legal, o que acontece?<\/li><\/ul>\n\n\n\n<p>\u00c9 normal que algumas empresas precisem dos funcion\u00e1rios trabalhando no per\u00edodo de Intervalo Interjornada.&nbsp;<\/p>\n\n\n\n<p>Nesses casos, o trabalhador n\u00e3o pode ficar no preju\u00edzo, por isso sempre que o colaborador trabalhar durante o Intervalo Interjornada, este per\u00edodo \u00e9 contabilizado como hora extra no valor de 50% a mais sobre o tempo em que ele passou em atividade.<\/p>\n\n\n\n<p>Isso \u00e9 o que determina o TST, conforme s\u00famula abaixo:<\/p>\n\n\n\n<p>S\u00famula n\u00ba110: \u201cNo regime de revezamento, as horas trabalhadas em seguida ao repouso semanal de 24 horas, com preju\u00edzo do intervalo m\u00ednimo de 11 horas consecutivas para descanso entre jornadas, devem ser remuneradas como extraordin\u00e1rias, inclusive com o respectivo adicional\u201d.<\/p>\n\n\n\n<p>Portanto, o trabalhador dever\u00e1 ser compensado nos casos de trabalho extraordin\u00e1rio.<\/p>\n\n\n\n<p><strong>Intervalo Interjornada e o Final de Semana<\/strong><\/p>\n\n\n\n<p>Este intervalo \u00e9 exigido em dias \u00fateis e aos finais de semana, portanto, quem exerce atividades aos finais de semana tamb\u00e9m tem direito ao per\u00edodo de descanso de 11 horas.<\/p>\n\n\n\n<p>Lembrando que se o per\u00edodo n\u00e3o for cumprido, o trabalhador tem direito ao pagamento de hora extra.<\/p>\n\n\n\n<p><strong>A empresa n\u00e3o concedeu o per\u00edodo Intervalo Interjornada e agora?<\/strong><\/p>\n\n\n\n<p>Como explicamos ao longo deste post, n\u00e3o \u00e9 poss\u00edvel o empregador criar uma regra para eliminar suas horas de Intervalo Interjornada, portanto, sempre que o limite estabelecido for infringido o tempo ser\u00e1 contabilizado como hora extra.<\/p>\n\n\n\n<p>Caso a empresa se recuse a pagar a hora extra ao funcion\u00e1rio, estar\u00e1 desobedecendo uma previs\u00e3o da CLT, o que \u00e9 ilegal.&nbsp;<\/p>\n\n\n\n<p>Portanto, o trabalhador tem direito, caso n\u00e3o haja acordo com a empresa, de ingressar judicialmente exigindo esse direito.<\/p>\n","protected":false},"excerpt":{"rendered":"<p>Se voc\u00ea ainda n\u00e3o conhece as regras do Intervalo Interjornada, neste post vamos explicar todos os pontos necess\u00e1rios para voc\u00ea entender este importante direito. O que \u00e9 o Intervalo Interjornada? Este \u00e9 o nome dado para o intervalo entre uma jornada de trabalho e outra. A jornada de trabalho, nada mais \u00e9 do que o [&hellip;]<\/p>\n","protected":false},"author":6,"featured_media":3944,"comment_status":"open","ping_status":"open","sticky":false,"template":"","format":"standard","meta":{"_acf_changed":false,"footnotes":""},"categories":[22],"tags":[35,36,37,38,39],"class_list":["post-816","post","type-post","status-publish","format-standard","has-post-thumbnail","hentry","category-sem-categoria","tag-descanso","tag-direito-do-trabalho","tag-direito-trabalhista","tag-interjornada","tag-jornada-de-trabalho"],"acf":[],"yoast_head":"<!-- This site is optimized with the Yoast SEO plugin v27.3 - https:\/\/yoast.com\/product\/yoast-seo-wordpress\/ -->\n<title>Quantas horas de descanso deve haver entre uma jornada de trabalho e outra? - Braz &amp; Figueiredo<\/title>\n<meta name=\"description\" content=\"Se voc\u00ea ainda n\u00e3o conhece as regras do Intervalo Interjornada, neste post vamos explicar todos os pontos necess\u00e1rios para voc\u00ea entender...\" \/>\n<meta name=\"robots\" content=\"index, follow, max-snippet:-1, max-image-preview:large, max-video-preview:-1\" \/>\n<link rel=\"canonical\" href=\"https:\/\/talktoalldigital.com.br\/brazefigueiredo\/blog\/quantas-horas-de-descanso-deve-haver-entre-uma-jornada-de-trabalho-e-outra\/\" \/>\n<meta property=\"og:locale\" content=\"pt_BR\" \/>\n<meta property=\"og:type\" content=\"article\" \/>\n<meta property=\"og:title\" content=\"Quantas horas de descanso deve haver entre uma jornada de trabalho e outra? - Braz &amp; Figueiredo\" \/>\n<meta property=\"og:description\" content=\"Se voc\u00ea ainda n\u00e3o conhece as regras do Intervalo Interjornada, neste post vamos explicar todos os pontos necess\u00e1rios para voc\u00ea entender...\" \/>\n<meta property=\"og:url\" content=\"https:\/\/talktoalldigital.com.br\/brazefigueiredo\/blog\/quantas-horas-de-descanso-deve-haver-entre-uma-jornada-de-trabalho-e-outra\/\" \/>\n<meta property=\"og:site_name\" content=\"Braz &amp; Figueiredo\" \/>\n<meta property=\"article:publisher\" content=\"https:\/\/www.facebook.com\/brazefigueiredosociedadedeadvogados\/\" \/>\n<meta property=\"article:published_time\" content=\"2021-07-14T20:09:51+00:00\" \/>\n<meta property=\"article:modified_time\" content=\"2026-03-27T18:44:09+00:00\" \/>\n<meta property=\"og:image\" content=\"https:\/\/talktoalldigital.com.br\/brazefigueiredo\/wp-content\/uploads\/2026\/03\/Capa-Post-Blog-Braz-e-Figueiredo-reducao-4.webp\" \/>\n\t<meta property=\"og:image:width\" content=\"1920\" \/>\n\t<meta property=\"og:image:height\" content=\"1080\" \/>\n\t<meta property=\"og:image:type\" content=\"image\/webp\" \/>\n<meta name=\"author\" content=\"brazefigueiredo\" \/>\n<meta name=\"twitter:card\" content=\"summary_large_image\" \/>\n<meta name=\"twitter:label1\" content=\"Escrito por\" \/>\n\t<meta name=\"twitter:data1\" content=\"brazefigueiredo\" \/>\n\t<meta name=\"twitter:label2\" content=\"Est. tempo de leitura\" \/>\n\t<meta name=\"twitter:data2\" content=\"3 minutos\" \/>\n<script type=\"application\/ld+json\" class=\"yoast-schema-graph\">{\"@context\":\"https:\\\/\\\/schema.org\",\"@graph\":[{\"@type\":\"Article\",\"@id\":\"https:\\\/\\\/talktoalldigital.com.br\\\/brazefigueiredo\\\/blog\\\/quantas-horas-de-descanso-deve-haver-entre-uma-jornada-de-trabalho-e-outra\\\/#article\",\"isPartOf\":{\"@id\":\"https:\\\/\\\/talktoalldigital.com.br\\\/brazefigueiredo\\\/blog\\\/quantas-horas-de-descanso-deve-haver-entre-uma-jornada-de-trabalho-e-outra\\\/\"},\"author\":{\"name\":\"brazefigueiredo\",\"@id\":\"https:\\\/\\\/talktoalldigital.com.br\\\/brazefigueiredo\\\/#\\\/schema\\\/person\\\/f415ef976e7ef353f21f3a1827b5c255\"},\"headline\":\"Quantas horas de descanso deve haver entre uma jornada de trabalho e outra?\",\"datePublished\":\"2021-07-14T20:09:51+00:00\",\"dateModified\":\"2026-03-27T18:44:09+00:00\",\"mainEntityOfPage\":{\"@id\":\"https:\\\/\\\/talktoalldigital.com.br\\\/brazefigueiredo\\\/blog\\\/quantas-horas-de-descanso-deve-haver-entre-uma-jornada-de-trabalho-e-outra\\\/\"},\"wordCount\":486,\"commentCount\":0,\"publisher\":{\"@id\":\"https:\\\/\\\/talktoalldigital.com.br\\\/brazefigueiredo\\\/#organization\"},\"image\":{\"@id\":\"https:\\\/\\\/talktoalldigital.com.br\\\/brazefigueiredo\\\/blog\\\/quantas-horas-de-descanso-deve-haver-entre-uma-jornada-de-trabalho-e-outra\\\/#primaryimage\"},\"thumbnailUrl\":\"https:\\\/\\\/talktoalldigital.com.br\\\/brazefigueiredo\\\/wp-content\\\/uploads\\\/2026\\\/03\\\/Capa-Post-Blog-Braz-e-Figueiredo-reducao-4.webp\",\"keywords\":[\"descanso\",\"direito do trabalho\",\"direito trabalhista\",\"interjornada\",\"jornada de trabalho\"],\"inLanguage\":\"pt-BR\",\"potentialAction\":[{\"@type\":\"CommentAction\",\"name\":\"Comment\",\"target\":[\"https:\\\/\\\/talktoalldigital.com.br\\\/brazefigueiredo\\\/blog\\\/quantas-horas-de-descanso-deve-haver-entre-uma-jornada-de-trabalho-e-outra\\\/#respond\"]}]},{\"@type\":\"WebPage\",\"@id\":\"https:\\\/\\\/talktoalldigital.com.br\\\/brazefigueiredo\\\/blog\\\/quantas-horas-de-descanso-deve-haver-entre-uma-jornada-de-trabalho-e-outra\\\/\",\"url\":\"https:\\\/\\\/talktoalldigital.com.br\\\/brazefigueiredo\\\/blog\\\/quantas-horas-de-descanso-deve-haver-entre-uma-jornada-de-trabalho-e-outra\\\/\",\"name\":\"Quantas horas de descanso deve haver entre uma jornada de trabalho e outra? - Braz &amp; Figueiredo\",\"isPartOf\":{\"@id\":\"https:\\\/\\\/talktoalldigital.com.br\\\/brazefigueiredo\\\/#website\"},\"primaryImageOfPage\":{\"@id\":\"https:\\\/\\\/talktoalldigital.com.br\\\/brazefigueiredo\\\/blog\\\/quantas-horas-de-descanso-deve-haver-entre-uma-jornada-de-trabalho-e-outra\\\/#primaryimage\"},\"image\":{\"@id\":\"https:\\\/\\\/talktoalldigital.com.br\\\/brazefigueiredo\\\/blog\\\/quantas-horas-de-descanso-deve-haver-entre-uma-jornada-de-trabalho-e-outra\\\/#primaryimage\"},\"thumbnailUrl\":\"https:\\\/\\\/talktoalldigital.com.br\\\/brazefigueiredo\\\/wp-content\\\/uploads\\\/2026\\\/03\\\/Capa-Post-Blog-Braz-e-Figueiredo-reducao-4.webp\",\"datePublished\":\"2021-07-14T20:09:51+00:00\",\"dateModified\":\"2026-03-27T18:44:09+00:00\",\"description\":\"Se voc\u00ea ainda n\u00e3o conhece as regras do Intervalo Interjornada, neste post vamos explicar todos os pontos necess\u00e1rios para voc\u00ea entender...\",\"breadcrumb\":{\"@id\":\"https:\\\/\\\/talktoalldigital.com.br\\\/brazefigueiredo\\\/blog\\\/quantas-horas-de-descanso-deve-haver-entre-uma-jornada-de-trabalho-e-outra\\\/#breadcrumb\"},\"inLanguage\":\"pt-BR\",\"potentialAction\":[{\"@type\":\"ReadAction\",\"target\":[\"https:\\\/\\\/talktoalldigital.com.br\\\/brazefigueiredo\\\/blog\\\/quantas-horas-de-descanso-deve-haver-entre-uma-jornada-de-trabalho-e-outra\\\/\"]}]},{\"@type\":\"ImageObject\",\"inLanguage\":\"pt-BR\",\"@id\":\"https:\\\/\\\/talktoalldigital.com.br\\\/brazefigueiredo\\\/blog\\\/quantas-horas-de-descanso-deve-haver-entre-uma-jornada-de-trabalho-e-outra\\\/#primaryimage\",\"url\":\"https:\\\/\\\/talktoalldigital.com.br\\\/brazefigueiredo\\\/wp-content\\\/uploads\\\/2026\\\/03\\\/Capa-Post-Blog-Braz-e-Figueiredo-reducao-4.webp\",\"contentUrl\":\"https:\\\/\\\/talktoalldigital.com.br\\\/brazefigueiredo\\\/wp-content\\\/uploads\\\/2026\\\/03\\\/Capa-Post-Blog-Braz-e-Figueiredo-reducao-4.webp\",\"width\":1920,\"height\":1080},{\"@type\":\"BreadcrumbList\",\"@id\":\"https:\\\/\\\/talktoalldigital.com.br\\\/brazefigueiredo\\\/blog\\\/quantas-horas-de-descanso-deve-haver-entre-uma-jornada-de-trabalho-e-outra\\\/#breadcrumb\",\"itemListElement\":[{\"@type\":\"ListItem\",\"position\":1,\"name\":\"In\u00edcio\",\"item\":\"https:\\\/\\\/talktoalldigital.com.br\\\/brazefigueiredo\\\/\"},{\"@type\":\"ListItem\",\"position\":2,\"name\":\"Quantas horas de descanso deve haver entre uma jornada de trabalho e outra?\"}]},{\"@type\":\"WebSite\",\"@id\":\"https:\\\/\\\/talktoalldigital.com.br\\\/brazefigueiredo\\\/#website\",\"url\":\"https:\\\/\\\/talktoalldigital.com.br\\\/brazefigueiredo\\\/\",\"name\":\"Braz & Figueiredo\",\"description\":\"Sociedade de Advogados\",\"publisher\":{\"@id\":\"https:\\\/\\\/talktoalldigital.com.br\\\/brazefigueiredo\\\/#organization\"},\"potentialAction\":[{\"@type\":\"SearchAction\",\"target\":{\"@type\":\"EntryPoint\",\"urlTemplate\":\"https:\\\/\\\/talktoalldigital.com.br\\\/brazefigueiredo\\\/?s={search_term_string}\"},\"query-input\":{\"@type\":\"PropertyValueSpecification\",\"valueRequired\":true,\"valueName\":\"search_term_string\"}}],\"inLanguage\":\"pt-BR\"},{\"@type\":\"Organization\",\"@id\":\"https:\\\/\\\/talktoalldigital.com.br\\\/brazefigueiredo\\\/#organization\",\"name\":\"Braz & Figueiredo\",\"url\":\"https:\\\/\\\/talktoalldigital.com.br\\\/brazefigueiredo\\\/\",\"logo\":{\"@type\":\"ImageObject\",\"inLanguage\":\"pt-BR\",\"@id\":\"https:\\\/\\\/talktoalldigital.com.br\\\/brazefigueiredo\\\/#\\\/schema\\\/logo\\\/image\\\/\",\"url\":\"https:\\\/\\\/talktoalldigital.com.br\\\/brazefigueiredo\\\/wp-content\\\/uploads\\\/2026\\\/02\\\/logo-braz-e-figueiredo.svg\",\"contentUrl\":\"https:\\\/\\\/talktoalldigital.com.br\\\/brazefigueiredo\\\/wp-content\\\/uploads\\\/2026\\\/02\\\/logo-braz-e-figueiredo.svg\",\"width\":275,\"height\":23,\"caption\":\"Braz & Figueiredo\"},\"image\":{\"@id\":\"https:\\\/\\\/talktoalldigital.com.br\\\/brazefigueiredo\\\/#\\\/schema\\\/logo\\\/image\\\/\"},\"sameAs\":[\"https:\\\/\\\/www.facebook.com\\\/brazefigueiredosociedadedeadvogados\\\/\",\"https:\\\/\\\/www.instagram.com\\\/brazefigueiredo\\\/\"]},{\"@type\":\"Person\",\"@id\":\"https:\\\/\\\/talktoalldigital.com.br\\\/brazefigueiredo\\\/#\\\/schema\\\/person\\\/f415ef976e7ef353f21f3a1827b5c255\",\"name\":\"brazefigueiredo\",\"image\":{\"@type\":\"ImageObject\",\"inLanguage\":\"pt-BR\",\"@id\":\"https:\\\/\\\/secure.gravatar.com\\\/avatar\\\/?s=96&d=mm&r=g\",\"url\":\"https:\\\/\\\/secure.gravatar.com\\\/avatar\\\/?s=96&d=mm&r=g\",\"contentUrl\":\"https:\\\/\\\/secure.gravatar.com\\\/avatar\\\/?s=96&d=mm&r=g\",\"caption\":\"brazefigueiredo\"},\"url\":\"https:\\\/\\\/talktoalldigital.com.br\\\/brazefigueiredo\\\/blog\\\/author\\\/brazefigueiredo\\\/\"}]}<\/script>\n<!-- \/ Yoast SEO plugin. -->","yoast_head_json":{"title":"Quantas horas de descanso deve haver entre uma jornada de trabalho e outra? - Braz &amp; Figueiredo","description":"Se voc\u00ea ainda n\u00e3o conhece as regras do Intervalo Interjornada, neste post vamos explicar todos os pontos necess\u00e1rios para voc\u00ea entender...","robots":{"index":"index","follow":"follow","max-snippet":"max-snippet:-1","max-image-preview":"max-image-preview:large","max-video-preview":"max-video-preview:-1"},"canonical":"https:\/\/talktoalldigital.com.br\/brazefigueiredo\/blog\/quantas-horas-de-descanso-deve-haver-entre-uma-jornada-de-trabalho-e-outra\/","og_locale":"pt_BR","og_type":"article","og_title":"Quantas horas de descanso deve haver entre uma jornada de trabalho e outra? - Braz &amp; Figueiredo","og_description":"Se voc\u00ea ainda n\u00e3o conhece as regras do Intervalo Interjornada, neste post vamos explicar todos os pontos necess\u00e1rios para voc\u00ea entender...","og_url":"https:\/\/talktoalldigital.com.br\/brazefigueiredo\/blog\/quantas-horas-de-descanso-deve-haver-entre-uma-jornada-de-trabalho-e-outra\/","og_site_name":"Braz &amp; Figueiredo","article_publisher":"https:\/\/www.facebook.com\/brazefigueiredosociedadedeadvogados\/","article_published_time":"2021-07-14T20:09:51+00:00","article_modified_time":"2026-03-27T18:44:09+00:00","og_image":[{"width":1920,"height":1080,"url":"https:\/\/talktoalldigital.com.br\/brazefigueiredo\/wp-content\/uploads\/2026\/03\/Capa-Post-Blog-Braz-e-Figueiredo-reducao-4.webp","type":"image\/webp"}],"author":"brazefigueiredo","twitter_card":"summary_large_image","twitter_misc":{"Escrito por":"brazefigueiredo","Est. tempo de leitura":"3 minutos"},"schema":{"@context":"https:\/\/schema.org","@graph":[{"@type":"Article","@id":"https:\/\/talktoalldigital.com.br\/brazefigueiredo\/blog\/quantas-horas-de-descanso-deve-haver-entre-uma-jornada-de-trabalho-e-outra\/#article","isPartOf":{"@id":"https:\/\/talktoalldigital.com.br\/brazefigueiredo\/blog\/quantas-horas-de-descanso-deve-haver-entre-uma-jornada-de-trabalho-e-outra\/"},"author":{"name":"brazefigueiredo","@id":"https:\/\/talktoalldigital.com.br\/brazefigueiredo\/#\/schema\/person\/f415ef976e7ef353f21f3a1827b5c255"},"headline":"Quantas horas de descanso deve haver entre uma jornada de trabalho e outra?","datePublished":"2021-07-14T20:09:51+00:00","dateModified":"2026-03-27T18:44:09+00:00","mainEntityOfPage":{"@id":"https:\/\/talktoalldigital.com.br\/brazefigueiredo\/blog\/quantas-horas-de-descanso-deve-haver-entre-uma-jornada-de-trabalho-e-outra\/"},"wordCount":486,"commentCount":0,"publisher":{"@id":"https:\/\/talktoalldigital.com.br\/brazefigueiredo\/#organization"},"image":{"@id":"https:\/\/talktoalldigital.com.br\/brazefigueiredo\/blog\/quantas-horas-de-descanso-deve-haver-entre-uma-jornada-de-trabalho-e-outra\/#primaryimage"},"thumbnailUrl":"https:\/\/talktoalldigital.com.br\/brazefigueiredo\/wp-content\/uploads\/2026\/03\/Capa-Post-Blog-Braz-e-Figueiredo-reducao-4.webp","keywords":["descanso","direito do trabalho","direito trabalhista","interjornada","jornada de trabalho"],"inLanguage":"pt-BR","potentialAction":[{"@type":"CommentAction","name":"Comment","target":["https:\/\/talktoalldigital.com.br\/brazefigueiredo\/blog\/quantas-horas-de-descanso-deve-haver-entre-uma-jornada-de-trabalho-e-outra\/#respond"]}]},{"@type":"WebPage","@id":"https:\/\/talktoalldigital.com.br\/brazefigueiredo\/blog\/quantas-horas-de-descanso-deve-haver-entre-uma-jornada-de-trabalho-e-outra\/","url":"https:\/\/talktoalldigital.com.br\/brazefigueiredo\/blog\/quantas-horas-de-descanso-deve-haver-entre-uma-jornada-de-trabalho-e-outra\/","name":"Quantas horas de descanso deve haver entre uma jornada de trabalho e outra? - Braz &amp; Figueiredo","isPartOf":{"@id":"https:\/\/talktoalldigital.com.br\/brazefigueiredo\/#website"},"primaryImageOfPage":{"@id":"https:\/\/talktoalldigital.com.br\/brazefigueiredo\/blog\/quantas-horas-de-descanso-deve-haver-entre-uma-jornada-de-trabalho-e-outra\/#primaryimage"},"image":{"@id":"https:\/\/talktoalldigital.com.br\/brazefigueiredo\/blog\/quantas-horas-de-descanso-deve-haver-entre-uma-jornada-de-trabalho-e-outra\/#primaryimage"},"thumbnailUrl":"https:\/\/talktoalldigital.com.br\/brazefigueiredo\/wp-content\/uploads\/2026\/03\/Capa-Post-Blog-Braz-e-Figueiredo-reducao-4.webp","datePublished":"2021-07-14T20:09:51+00:00","dateModified":"2026-03-27T18:44:09+00:00","description":"Se voc\u00ea ainda n\u00e3o conhece as regras do Intervalo Interjornada, neste post vamos explicar todos os pontos necess\u00e1rios para voc\u00ea entender...","breadcrumb":{"@id":"https:\/\/talktoalldigital.com.br\/brazefigueiredo\/blog\/quantas-horas-de-descanso-deve-haver-entre-uma-jornada-de-trabalho-e-outra\/#breadcrumb"},"inLanguage":"pt-BR","potentialAction":[{"@type":"ReadAction","target":["https:\/\/talktoalldigital.com.br\/brazefigueiredo\/blog\/quantas-horas-de-descanso-deve-haver-entre-uma-jornada-de-trabalho-e-outra\/"]}]},{"@type":"ImageObject","inLanguage":"pt-BR","@id":"https:\/\/talktoalldigital.com.br\/brazefigueiredo\/blog\/quantas-horas-de-descanso-deve-haver-entre-uma-jornada-de-trabalho-e-outra\/#primaryimage","url":"https:\/\/talktoalldigital.com.br\/brazefigueiredo\/wp-content\/uploads\/2026\/03\/Capa-Post-Blog-Braz-e-Figueiredo-reducao-4.webp","contentUrl":"https:\/\/talktoalldigital.com.br\/brazefigueiredo\/wp-content\/uploads\/2026\/03\/Capa-Post-Blog-Braz-e-Figueiredo-reducao-4.webp","width":1920,"height":1080},{"@type":"BreadcrumbList","@id":"https:\/\/talktoalldigital.com.br\/brazefigueiredo\/blog\/quantas-horas-de-descanso-deve-haver-entre-uma-jornada-de-trabalho-e-outra\/#breadcrumb","itemListElement":[{"@type":"ListItem","position":1,"name":"In\u00edcio","item":"https:\/\/talktoalldigital.com.br\/brazefigueiredo\/"},{"@type":"ListItem","position":2,"name":"Quantas horas de descanso deve haver entre uma jornada de trabalho e outra?"}]},{"@type":"WebSite","@id":"https:\/\/talktoalldigital.com.br\/brazefigueiredo\/#website","url":"https:\/\/talktoalldigital.com.br\/brazefigueiredo\/","name":"Braz & Figueiredo","description":"Sociedade de Advogados","publisher":{"@id":"https:\/\/talktoalldigital.com.br\/brazefigueiredo\/#organization"},"potentialAction":[{"@type":"SearchAction","target":{"@type":"EntryPoint","urlTemplate":"https:\/\/talktoalldigital.com.br\/brazefigueiredo\/?s={search_term_string}"},"query-input":{"@type":"PropertyValueSpecification","valueRequired":true,"valueName":"search_term_string"}}],"inLanguage":"pt-BR"},{"@type":"Organization","@id":"https:\/\/talktoalldigital.com.br\/brazefigueiredo\/#organization","name":"Braz & Figueiredo","url":"https:\/\/talktoalldigital.com.br\/brazefigueiredo\/","logo":{"@type":"ImageObject","inLanguage":"pt-BR","@id":"https:\/\/talktoalldigital.com.br\/brazefigueiredo\/#\/schema\/logo\/image\/","url":"https:\/\/talktoalldigital.com.br\/brazefigueiredo\/wp-content\/uploads\/2026\/02\/logo-braz-e-figueiredo.svg","contentUrl":"https:\/\/talktoalldigital.com.br\/brazefigueiredo\/wp-content\/uploads\/2026\/02\/logo-braz-e-figueiredo.svg","width":275,"height":23,"caption":"Braz & Figueiredo"},"image":{"@id":"https:\/\/talktoalldigital.com.br\/brazefigueiredo\/#\/schema\/logo\/image\/"},"sameAs":["https:\/\/www.facebook.com\/brazefigueiredosociedadedeadvogados\/","https:\/\/www.instagram.com\/brazefigueiredo\/"]},{"@type":"Person","@id":"https:\/\/talktoalldigital.com.br\/brazefigueiredo\/#\/schema\/person\/f415ef976e7ef353f21f3a1827b5c255","name":"brazefigueiredo","image":{"@type":"ImageObject","inLanguage":"pt-BR","@id":"https:\/\/secure.gravatar.com\/avatar\/?s=96&d=mm&r=g","url":"https:\/\/secure.gravatar.com\/avatar\/?s=96&d=mm&r=g","contentUrl":"https:\/\/secure.gravatar.com\/avatar\/?s=96&d=mm&r=g","caption":"brazefigueiredo"},"url":"https:\/\/talktoalldigital.com.br\/brazefigueiredo\/blog\/author\/brazefigueiredo\/"}]}},"_links":{"self":[{"href":"https:\/\/talktoalldigital.com.br\/brazefigueiredo\/wp-json\/wp\/v2\/posts\/816","targetHints":{"allow":["GET"]}}],"collection":[{"href":"https:\/\/talktoalldigital.com.br\/brazefigueiredo\/wp-json\/wp\/v2\/posts"}],"about":[{"href":"https:\/\/talktoalldigital.com.br\/brazefigueiredo\/wp-json\/wp\/v2\/types\/post"}],"author":[{"embeddable":true,"href":"https:\/\/talktoalldigital.com.br\/brazefigueiredo\/wp-json\/wp\/v2\/users\/6"}],"replies":[{"embeddable":true,"href":"https:\/\/talktoalldigital.com.br\/brazefigueiredo\/wp-json\/wp\/v2\/comments?post=816"}],"version-history":[{"count":1,"href":"https:\/\/talktoalldigital.com.br\/brazefigueiredo\/wp-json\/wp\/v2\/posts\/816\/revisions"}],"predecessor-version":[{"id":3955,"href":"https:\/\/talktoalldigital.com.br\/brazefigueiredo\/wp-json\/wp\/v2\/posts\/816\/revisions\/3955"}],"wp:featuredmedia":[{"embeddable":true,"href":"https:\/\/talktoalldigital.com.br\/brazefigueiredo\/wp-json\/wp\/v2\/media\/3944"}],"wp:attachment":[{"href":"https:\/\/talktoalldigital.com.br\/brazefigueiredo\/wp-json\/wp\/v2\/media?parent=816"}],"wp:term":[{"taxonomy":"category","embeddable":true,"href":"https:\/\/talktoalldigital.com.br\/brazefigueiredo\/wp-json\/wp\/v2\/categories?post=816"},{"taxonomy":"post_tag","embeddable":true,"href":"https:\/\/talktoalldigital.com.br\/brazefigueiredo\/wp-json\/wp\/v2\/tags?post=816"}],"curies":[{"name":"wp","href":"https:\/\/api.w.org\/{rel}","templated":true}]}}