{"id":843,"date":"2021-08-04T18:12:49","date_gmt":"2021-08-04T21:12:49","guid":{"rendered":"https:\/\/brazefigueiredo.com\/?p=843"},"modified":"2026-03-27T15:43:55","modified_gmt":"2026-03-27T18:43:55","slug":"emprestimo-consignado-indevido-de-aposentado","status":"publish","type":"post","link":"https:\/\/talktoalldigital.com.br\/brazefigueiredo\/blog\/emprestimo-consignado-indevido-de-aposentado\/","title":{"rendered":"Empr\u00e9stimo consignado indevido de aposentado"},"content":{"rendered":"\n<p>Voc\u00ea j\u00e1 passou pela situa\u00e7\u00e3o ou conhece algu\u00e9m que j\u00e1 foi cobrado por um empr\u00e9stimo consignado que n\u00e3o solicitou?<\/p>\n\n\n\n<p>Essa situa\u00e7\u00e3o \u00e9 mais comum do que se imagina e hoje vamos falar sobre quais s\u00e3o os direitos de quem passa por essa situa\u00e7\u00e3o delicada.<\/p>\n\n\n\n<p>O Empr\u00e9stimo Consignado \u00e9 aquele que, ap\u00f3s solicitado, suas parcelas s\u00e3o descontadas diretamente na folha de pagamento.<\/p>\n\n\n\n<p>Seja por falha no sistema das institui\u00e7\u00f5es ou at\u00e9 mesmo fraude, muitos pensionistas e aposentados relatam o registro deste tipo de empr\u00e9stimo na folha de pagamento, sem que eles tivessem contratado esse servi\u00e7o.<\/p>\n\n\n\n<p>Situa\u00e7\u00f5es como essa tornam-se um transtorno na vida do pensionista e\/ou aposentado, por isso conhe\u00e7a os seus direitos.<\/p>\n\n\n\n<p><strong>Empr\u00e9stimo indevido, o que \u00e9?<\/strong><\/p>\n\n\n\n<p>O empr\u00e9stimo indevido ocorre quando o aposentado\/pensionista n\u00e3o solicita qualquer empr\u00e9stimo, mas mesmo assim tem o valor das parcelas descontadas na sua folha de pagamento.<\/p>\n\n\n\n<p>Portanto, passa a arcar com um servi\u00e7o no qual n\u00e3o contratou.<\/p>\n\n\n\n<p>Isso \u00e9 contatado, na maioria das vezes, quando o segurado percebe que recebeu um valor menor de benef\u00edcio ou quando puxa o extrato banc\u00e1rio e observa um desconto indevido.<\/p>\n\n\n\n<p>Quando isso acontece \u00e9 importante entrar em contato com a ag\u00eancia financeira\/banco no qual voc\u00ea recebe o seu benef\u00edcio e solicitar maiores detalhes sobre aquele desconto.<\/p>\n\n\n\n<p>Confirmando que realmente o servi\u00e7o n\u00e3o foi contratado, o benefici\u00e1rio deve buscar os seus direitos.<\/p>\n\n\n\n<p><strong>Como proceder nesses casos?<\/strong><\/p>\n\n\n\n<p>O primeiro passo quando se descobre que este tipo de empr\u00e9stimo foi feito indevidamente \u00e9 fazer o boletim de ocorr\u00eancia, para deixar registrado o ocorrido.<\/p>\n\n\n\n<p>Ap\u00f3s, outro passo importante \u00e9 entrar em contato com a institui\u00e7\u00e3o financeira e comunicar o fato, solicitando o cancelamento daquele empr\u00e9stimo, pois n\u00e3o foi voc\u00ea quem pediu aquele servi\u00e7o.<\/p>\n\n\n\n<p>Al\u00e9m disso, tamb\u00e9m \u00e9 poss\u00edvel ingressar com uma demanda judicial para receber o estorno dos valores descontados do seu pagamento.&nbsp;<\/p>\n\n\n\n<p>Al\u00e9m disso, em determinadas situa\u00e7\u00f5es \u00e9 poss\u00edvel requerer danos morais pela situa\u00e7\u00e3o vivenciada.&nbsp;<\/p>\n\n\n\n<p>A pessoa que passa por esse constrangimento pode buscar o apoio de um advogado especialista em direito do consumidor, para analisar o seu caso concreto e determinar quais os caminhos para garantia dos seus direitos.<\/p>\n\n\n\n<p><strong>Como provar que n\u00e3o fiz este empr\u00e9stimo?<\/strong><\/p>\n\n\n\n<p>Nesses casos, a institui\u00e7\u00e3o financeira quem dever\u00e1 comprovar que voc\u00ea efetuou o empr\u00e9stimo.<\/p>\n\n\n\n<p>\u00c9 muito comum que a institui\u00e7\u00e3o apresente como prova apenas um relat\u00f3rio interno mostrando os termos da contrata\u00e7\u00e3o, mas como voc\u00ea n\u00e3o efetuou esse contrato eles n\u00e3o ter\u00e3o um documento assinado por voc\u00ea, um n\u00famero de protocolo de uma liga\u00e7\u00e3o que voc\u00ea vez, ou seja, a institui\u00e7\u00e3o n\u00e3o tem ter\u00e1 como mostrar judicialmente que voc\u00ea pediu este servi\u00e7o.<\/p>\n\n\n\n<p>Nos casos mais graves, em que h\u00e1 falsifica\u00e7\u00e3o, \u00e9 poss\u00edvel pedir per\u00edcia para comprovar que a voz utilizada ou at\u00e9 mesmo a assinatura n\u00e3o te pertencem.<\/p>\n\n\n\n<p>Como dissemos, cada caso deve ser avaliado individualmente.<\/p>\n\n\n\n<p>Nossa dica \u00e9 ficar sempre atento ao valor do benef\u00edcio recebido e acompanhar os extratos de perto, para sempre que houver algum desconto indevido, o mais r\u00e1pido poss\u00edvel o benefici\u00e1rio poder adotar as medidas cab\u00edveis.<\/p>\n","protected":false},"excerpt":{"rendered":"<p>Voc\u00ea j\u00e1 passou pela situa\u00e7\u00e3o ou conhece algu\u00e9m que j\u00e1 foi cobrado por um empr\u00e9stimo consignado que n\u00e3o solicitou? Essa situa\u00e7\u00e3o \u00e9 mais comum do que se imagina e hoje vamos falar sobre quais s\u00e3o os direitos de quem passa por essa situa\u00e7\u00e3o delicada. O Empr\u00e9stimo Consignado \u00e9 aquele que, ap\u00f3s solicitado, suas parcelas s\u00e3o [&hellip;]<\/p>\n","protected":false},"author":6,"featured_media":3946,"comment_status":"open","ping_status":"open","sticky":false,"template":"","format":"standard","meta":{"_acf_changed":false,"footnotes":""},"categories":[22],"tags":[40,41,42],"class_list":["post-843","post","type-post","status-publish","format-standard","has-post-thumbnail","hentry","category-sem-categoria","tag-consignado","tag-emprestimo","tag-fraude"],"acf":[],"yoast_head":"<!-- This site is optimized with the Yoast SEO plugin v27.3 - https:\/\/yoast.com\/product\/yoast-seo-wordpress\/ -->\n<title>Empr\u00e9stimo consignado indevido de aposentado - Braz &amp; Figueiredo<\/title>\n<meta name=\"description\" content=\"Seja por falha no sistema das institui\u00e7\u00f5es ou at\u00e9 mesmo fraude, muitos pensionistas e aposentados relatam o registro deste tipo de empr\u00e9stimo\" \/>\n<meta name=\"robots\" content=\"index, follow, max-snippet:-1, max-image-preview:large, max-video-preview:-1\" \/>\n<link rel=\"canonical\" href=\"https:\/\/talktoalldigital.com.br\/brazefigueiredo\/blog\/emprestimo-consignado-indevido-de-aposentado\/\" \/>\n<meta property=\"og:locale\" content=\"pt_BR\" \/>\n<meta property=\"og:type\" content=\"article\" \/>\n<meta property=\"og:title\" content=\"Empr\u00e9stimo consignado indevido de aposentado - Braz &amp; Figueiredo\" \/>\n<meta property=\"og:description\" content=\"Seja por falha no sistema das institui\u00e7\u00f5es ou at\u00e9 mesmo fraude, muitos pensionistas e aposentados relatam o registro deste tipo de empr\u00e9stimo\" \/>\n<meta property=\"og:url\" content=\"https:\/\/talktoalldigital.com.br\/brazefigueiredo\/blog\/emprestimo-consignado-indevido-de-aposentado\/\" \/>\n<meta property=\"og:site_name\" content=\"Braz &amp; Figueiredo\" \/>\n<meta property=\"article:publisher\" content=\"https:\/\/www.facebook.com\/brazefigueiredosociedadedeadvogados\/\" \/>\n<meta property=\"article:published_time\" content=\"2021-08-04T21:12:49+00:00\" \/>\n<meta property=\"article:modified_time\" content=\"2026-03-27T18:43:55+00:00\" \/>\n<meta property=\"og:image\" content=\"https:\/\/talktoalldigital.com.br\/brazefigueiredo\/wp-content\/uploads\/2026\/03\/closeup-de-maos-passando-o-contrato-ao-empresario-irreconhecivel-scaled-1.jpg\" \/>\n\t<meta property=\"og:image:width\" content=\"2560\" \/>\n\t<meta property=\"og:image:height\" content=\"1708\" \/>\n\t<meta property=\"og:image:type\" content=\"image\/jpeg\" \/>\n<meta name=\"author\" content=\"brazefigueiredo\" \/>\n<meta name=\"twitter:card\" content=\"summary_large_image\" \/>\n<meta name=\"twitter:label1\" content=\"Escrito por\" \/>\n\t<meta name=\"twitter:data1\" content=\"brazefigueiredo\" \/>\n\t<meta name=\"twitter:label2\" content=\"Est. tempo de leitura\" \/>\n\t<meta name=\"twitter:data2\" content=\"3 minutos\" \/>\n<script type=\"application\/ld+json\" class=\"yoast-schema-graph\">{\"@context\":\"https:\\\/\\\/schema.org\",\"@graph\":[{\"@type\":\"Article\",\"@id\":\"https:\\\/\\\/talktoalldigital.com.br\\\/brazefigueiredo\\\/blog\\\/emprestimo-consignado-indevido-de-aposentado\\\/#article\",\"isPartOf\":{\"@id\":\"https:\\\/\\\/talktoalldigital.com.br\\\/brazefigueiredo\\\/blog\\\/emprestimo-consignado-indevido-de-aposentado\\\/\"},\"author\":{\"name\":\"brazefigueiredo\",\"@id\":\"https:\\\/\\\/talktoalldigital.com.br\\\/brazefigueiredo\\\/#\\\/schema\\\/person\\\/f415ef976e7ef353f21f3a1827b5c255\"},\"headline\":\"Empr\u00e9stimo consignado indevido de aposentado\",\"datePublished\":\"2021-08-04T21:12:49+00:00\",\"dateModified\":\"2026-03-27T18:43:55+00:00\",\"mainEntityOfPage\":{\"@id\":\"https:\\\/\\\/talktoalldigital.com.br\\\/brazefigueiredo\\\/blog\\\/emprestimo-consignado-indevido-de-aposentado\\\/\"},\"wordCount\":561,\"commentCount\":0,\"publisher\":{\"@id\":\"https:\\\/\\\/talktoalldigital.com.br\\\/brazefigueiredo\\\/#organization\"},\"image\":{\"@id\":\"https:\\\/\\\/talktoalldigital.com.br\\\/brazefigueiredo\\\/blog\\\/emprestimo-consignado-indevido-de-aposentado\\\/#primaryimage\"},\"thumbnailUrl\":\"https:\\\/\\\/talktoalldigital.com.br\\\/brazefigueiredo\\\/wp-content\\\/uploads\\\/2026\\\/03\\\/closeup-de-maos-passando-o-contrato-ao-empresario-irreconhecivel-scaled-1.jpg\",\"keywords\":[\"consignado\",\"empr\u00e9stimo\",\"fraude\"],\"inLanguage\":\"pt-BR\",\"potentialAction\":[{\"@type\":\"CommentAction\",\"name\":\"Comment\",\"target\":[\"https:\\\/\\\/talktoalldigital.com.br\\\/brazefigueiredo\\\/blog\\\/emprestimo-consignado-indevido-de-aposentado\\\/#respond\"]}]},{\"@type\":\"WebPage\",\"@id\":\"https:\\\/\\\/talktoalldigital.com.br\\\/brazefigueiredo\\\/blog\\\/emprestimo-consignado-indevido-de-aposentado\\\/\",\"url\":\"https:\\\/\\\/talktoalldigital.com.br\\\/brazefigueiredo\\\/blog\\\/emprestimo-consignado-indevido-de-aposentado\\\/\",\"name\":\"Empr\u00e9stimo consignado indevido de aposentado - Braz &amp; Figueiredo\",\"isPartOf\":{\"@id\":\"https:\\\/\\\/talktoalldigital.com.br\\\/brazefigueiredo\\\/#website\"},\"primaryImageOfPage\":{\"@id\":\"https:\\\/\\\/talktoalldigital.com.br\\\/brazefigueiredo\\\/blog\\\/emprestimo-consignado-indevido-de-aposentado\\\/#primaryimage\"},\"image\":{\"@id\":\"https:\\\/\\\/talktoalldigital.com.br\\\/brazefigueiredo\\\/blog\\\/emprestimo-consignado-indevido-de-aposentado\\\/#primaryimage\"},\"thumbnailUrl\":\"https:\\\/\\\/talktoalldigital.com.br\\\/brazefigueiredo\\\/wp-content\\\/uploads\\\/2026\\\/03\\\/closeup-de-maos-passando-o-contrato-ao-empresario-irreconhecivel-scaled-1.jpg\",\"datePublished\":\"2021-08-04T21:12:49+00:00\",\"dateModified\":\"2026-03-27T18:43:55+00:00\",\"description\":\"Seja por falha no sistema das institui\u00e7\u00f5es ou at\u00e9 mesmo fraude, muitos pensionistas e aposentados relatam o registro deste tipo de empr\u00e9stimo\",\"breadcrumb\":{\"@id\":\"https:\\\/\\\/talktoalldigital.com.br\\\/brazefigueiredo\\\/blog\\\/emprestimo-consignado-indevido-de-aposentado\\\/#breadcrumb\"},\"inLanguage\":\"pt-BR\",\"potentialAction\":[{\"@type\":\"ReadAction\",\"target\":[\"https:\\\/\\\/talktoalldigital.com.br\\\/brazefigueiredo\\\/blog\\\/emprestimo-consignado-indevido-de-aposentado\\\/\"]}]},{\"@type\":\"ImageObject\",\"inLanguage\":\"pt-BR\",\"@id\":\"https:\\\/\\\/talktoalldigital.com.br\\\/brazefigueiredo\\\/blog\\\/emprestimo-consignado-indevido-de-aposentado\\\/#primaryimage\",\"url\":\"https:\\\/\\\/talktoalldigital.com.br\\\/brazefigueiredo\\\/wp-content\\\/uploads\\\/2026\\\/03\\\/closeup-de-maos-passando-o-contrato-ao-empresario-irreconhecivel-scaled-1.jpg\",\"contentUrl\":\"https:\\\/\\\/talktoalldigital.com.br\\\/brazefigueiredo\\\/wp-content\\\/uploads\\\/2026\\\/03\\\/closeup-de-maos-passando-o-contrato-ao-empresario-irreconhecivel-scaled-1.jpg\",\"width\":2560,\"height\":1708},{\"@type\":\"BreadcrumbList\",\"@id\":\"https:\\\/\\\/talktoalldigital.com.br\\\/brazefigueiredo\\\/blog\\\/emprestimo-consignado-indevido-de-aposentado\\\/#breadcrumb\",\"itemListElement\":[{\"@type\":\"ListItem\",\"position\":1,\"name\":\"In\u00edcio\",\"item\":\"https:\\\/\\\/talktoalldigital.com.br\\\/brazefigueiredo\\\/\"},{\"@type\":\"ListItem\",\"position\":2,\"name\":\"Empr\u00e9stimo consignado indevido de aposentado\"}]},{\"@type\":\"WebSite\",\"@id\":\"https:\\\/\\\/talktoalldigital.com.br\\\/brazefigueiredo\\\/#website\",\"url\":\"https:\\\/\\\/talktoalldigital.com.br\\\/brazefigueiredo\\\/\",\"name\":\"Braz & Figueiredo\",\"description\":\"Sociedade de Advogados\",\"publisher\":{\"@id\":\"https:\\\/\\\/talktoalldigital.com.br\\\/brazefigueiredo\\\/#organization\"},\"potentialAction\":[{\"@type\":\"SearchAction\",\"target\":{\"@type\":\"EntryPoint\",\"urlTemplate\":\"https:\\\/\\\/talktoalldigital.com.br\\\/brazefigueiredo\\\/?s={search_term_string}\"},\"query-input\":{\"@type\":\"PropertyValueSpecification\",\"valueRequired\":true,\"valueName\":\"search_term_string\"}}],\"inLanguage\":\"pt-BR\"},{\"@type\":\"Organization\",\"@id\":\"https:\\\/\\\/talktoalldigital.com.br\\\/brazefigueiredo\\\/#organization\",\"name\":\"Braz & Figueiredo\",\"url\":\"https:\\\/\\\/talktoalldigital.com.br\\\/brazefigueiredo\\\/\",\"logo\":{\"@type\":\"ImageObject\",\"inLanguage\":\"pt-BR\",\"@id\":\"https:\\\/\\\/talktoalldigital.com.br\\\/brazefigueiredo\\\/#\\\/schema\\\/logo\\\/image\\\/\",\"url\":\"https:\\\/\\\/talktoalldigital.com.br\\\/brazefigueiredo\\\/wp-content\\\/uploads\\\/2026\\\/02\\\/logo-braz-e-figueiredo.svg\",\"contentUrl\":\"https:\\\/\\\/talktoalldigital.com.br\\\/brazefigueiredo\\\/wp-content\\\/uploads\\\/2026\\\/02\\\/logo-braz-e-figueiredo.svg\",\"width\":275,\"height\":23,\"caption\":\"Braz & Figueiredo\"},\"image\":{\"@id\":\"https:\\\/\\\/talktoalldigital.com.br\\\/brazefigueiredo\\\/#\\\/schema\\\/logo\\\/image\\\/\"},\"sameAs\":[\"https:\\\/\\\/www.facebook.com\\\/brazefigueiredosociedadedeadvogados\\\/\",\"https:\\\/\\\/www.instagram.com\\\/brazefigueiredo\\\/\"]},{\"@type\":\"Person\",\"@id\":\"https:\\\/\\\/talktoalldigital.com.br\\\/brazefigueiredo\\\/#\\\/schema\\\/person\\\/f415ef976e7ef353f21f3a1827b5c255\",\"name\":\"brazefigueiredo\",\"image\":{\"@type\":\"ImageObject\",\"inLanguage\":\"pt-BR\",\"@id\":\"https:\\\/\\\/secure.gravatar.com\\\/avatar\\\/?s=96&d=mm&r=g\",\"url\":\"https:\\\/\\\/secure.gravatar.com\\\/avatar\\\/?s=96&d=mm&r=g\",\"contentUrl\":\"https:\\\/\\\/secure.gravatar.com\\\/avatar\\\/?s=96&d=mm&r=g\",\"caption\":\"brazefigueiredo\"},\"url\":\"https:\\\/\\\/talktoalldigital.com.br\\\/brazefigueiredo\\\/blog\\\/author\\\/brazefigueiredo\\\/\"}]}<\/script>\n<!-- \/ Yoast SEO plugin. -->","yoast_head_json":{"title":"Empr\u00e9stimo consignado indevido de aposentado - Braz &amp; Figueiredo","description":"Seja por falha no sistema das institui\u00e7\u00f5es ou at\u00e9 mesmo fraude, muitos pensionistas e aposentados relatam o registro deste tipo de empr\u00e9stimo","robots":{"index":"index","follow":"follow","max-snippet":"max-snippet:-1","max-image-preview":"max-image-preview:large","max-video-preview":"max-video-preview:-1"},"canonical":"https:\/\/talktoalldigital.com.br\/brazefigueiredo\/blog\/emprestimo-consignado-indevido-de-aposentado\/","og_locale":"pt_BR","og_type":"article","og_title":"Empr\u00e9stimo consignado indevido de aposentado - Braz &amp; Figueiredo","og_description":"Seja por falha no sistema das institui\u00e7\u00f5es ou at\u00e9 mesmo fraude, muitos pensionistas e aposentados relatam o registro deste tipo de empr\u00e9stimo","og_url":"https:\/\/talktoalldigital.com.br\/brazefigueiredo\/blog\/emprestimo-consignado-indevido-de-aposentado\/","og_site_name":"Braz &amp; Figueiredo","article_publisher":"https:\/\/www.facebook.com\/brazefigueiredosociedadedeadvogados\/","article_published_time":"2021-08-04T21:12:49+00:00","article_modified_time":"2026-03-27T18:43:55+00:00","og_image":[{"width":2560,"height":1708,"url":"https:\/\/talktoalldigital.com.br\/brazefigueiredo\/wp-content\/uploads\/2026\/03\/closeup-de-maos-passando-o-contrato-ao-empresario-irreconhecivel-scaled-1.jpg","type":"image\/jpeg"}],"author":"brazefigueiredo","twitter_card":"summary_large_image","twitter_misc":{"Escrito por":"brazefigueiredo","Est. tempo de leitura":"3 minutos"},"schema":{"@context":"https:\/\/schema.org","@graph":[{"@type":"Article","@id":"https:\/\/talktoalldigital.com.br\/brazefigueiredo\/blog\/emprestimo-consignado-indevido-de-aposentado\/#article","isPartOf":{"@id":"https:\/\/talktoalldigital.com.br\/brazefigueiredo\/blog\/emprestimo-consignado-indevido-de-aposentado\/"},"author":{"name":"brazefigueiredo","@id":"https:\/\/talktoalldigital.com.br\/brazefigueiredo\/#\/schema\/person\/f415ef976e7ef353f21f3a1827b5c255"},"headline":"Empr\u00e9stimo consignado indevido de aposentado","datePublished":"2021-08-04T21:12:49+00:00","dateModified":"2026-03-27T18:43:55+00:00","mainEntityOfPage":{"@id":"https:\/\/talktoalldigital.com.br\/brazefigueiredo\/blog\/emprestimo-consignado-indevido-de-aposentado\/"},"wordCount":561,"commentCount":0,"publisher":{"@id":"https:\/\/talktoalldigital.com.br\/brazefigueiredo\/#organization"},"image":{"@id":"https:\/\/talktoalldigital.com.br\/brazefigueiredo\/blog\/emprestimo-consignado-indevido-de-aposentado\/#primaryimage"},"thumbnailUrl":"https:\/\/talktoalldigital.com.br\/brazefigueiredo\/wp-content\/uploads\/2026\/03\/closeup-de-maos-passando-o-contrato-ao-empresario-irreconhecivel-scaled-1.jpg","keywords":["consignado","empr\u00e9stimo","fraude"],"inLanguage":"pt-BR","potentialAction":[{"@type":"CommentAction","name":"Comment","target":["https:\/\/talktoalldigital.com.br\/brazefigueiredo\/blog\/emprestimo-consignado-indevido-de-aposentado\/#respond"]}]},{"@type":"WebPage","@id":"https:\/\/talktoalldigital.com.br\/brazefigueiredo\/blog\/emprestimo-consignado-indevido-de-aposentado\/","url":"https:\/\/talktoalldigital.com.br\/brazefigueiredo\/blog\/emprestimo-consignado-indevido-de-aposentado\/","name":"Empr\u00e9stimo consignado indevido de aposentado - Braz &amp; Figueiredo","isPartOf":{"@id":"https:\/\/talktoalldigital.com.br\/brazefigueiredo\/#website"},"primaryImageOfPage":{"@id":"https:\/\/talktoalldigital.com.br\/brazefigueiredo\/blog\/emprestimo-consignado-indevido-de-aposentado\/#primaryimage"},"image":{"@id":"https:\/\/talktoalldigital.com.br\/brazefigueiredo\/blog\/emprestimo-consignado-indevido-de-aposentado\/#primaryimage"},"thumbnailUrl":"https:\/\/talktoalldigital.com.br\/brazefigueiredo\/wp-content\/uploads\/2026\/03\/closeup-de-maos-passando-o-contrato-ao-empresario-irreconhecivel-scaled-1.jpg","datePublished":"2021-08-04T21:12:49+00:00","dateModified":"2026-03-27T18:43:55+00:00","description":"Seja por falha no sistema das institui\u00e7\u00f5es ou at\u00e9 mesmo fraude, muitos pensionistas e aposentados relatam o registro deste tipo de empr\u00e9stimo","breadcrumb":{"@id":"https:\/\/talktoalldigital.com.br\/brazefigueiredo\/blog\/emprestimo-consignado-indevido-de-aposentado\/#breadcrumb"},"inLanguage":"pt-BR","potentialAction":[{"@type":"ReadAction","target":["https:\/\/talktoalldigital.com.br\/brazefigueiredo\/blog\/emprestimo-consignado-indevido-de-aposentado\/"]}]},{"@type":"ImageObject","inLanguage":"pt-BR","@id":"https:\/\/talktoalldigital.com.br\/brazefigueiredo\/blog\/emprestimo-consignado-indevido-de-aposentado\/#primaryimage","url":"https:\/\/talktoalldigital.com.br\/brazefigueiredo\/wp-content\/uploads\/2026\/03\/closeup-de-maos-passando-o-contrato-ao-empresario-irreconhecivel-scaled-1.jpg","contentUrl":"https:\/\/talktoalldigital.com.br\/brazefigueiredo\/wp-content\/uploads\/2026\/03\/closeup-de-maos-passando-o-contrato-ao-empresario-irreconhecivel-scaled-1.jpg","width":2560,"height":1708},{"@type":"BreadcrumbList","@id":"https:\/\/talktoalldigital.com.br\/brazefigueiredo\/blog\/emprestimo-consignado-indevido-de-aposentado\/#breadcrumb","itemListElement":[{"@type":"ListItem","position":1,"name":"In\u00edcio","item":"https:\/\/talktoalldigital.com.br\/brazefigueiredo\/"},{"@type":"ListItem","position":2,"name":"Empr\u00e9stimo consignado indevido de aposentado"}]},{"@type":"WebSite","@id":"https:\/\/talktoalldigital.com.br\/brazefigueiredo\/#website","url":"https:\/\/talktoalldigital.com.br\/brazefigueiredo\/","name":"Braz & Figueiredo","description":"Sociedade de Advogados","publisher":{"@id":"https:\/\/talktoalldigital.com.br\/brazefigueiredo\/#organization"},"potentialAction":[{"@type":"SearchAction","target":{"@type":"EntryPoint","urlTemplate":"https:\/\/talktoalldigital.com.br\/brazefigueiredo\/?s={search_term_string}"},"query-input":{"@type":"PropertyValueSpecification","valueRequired":true,"valueName":"search_term_string"}}],"inLanguage":"pt-BR"},{"@type":"Organization","@id":"https:\/\/talktoalldigital.com.br\/brazefigueiredo\/#organization","name":"Braz & Figueiredo","url":"https:\/\/talktoalldigital.com.br\/brazefigueiredo\/","logo":{"@type":"ImageObject","inLanguage":"pt-BR","@id":"https:\/\/talktoalldigital.com.br\/brazefigueiredo\/#\/schema\/logo\/image\/","url":"https:\/\/talktoalldigital.com.br\/brazefigueiredo\/wp-content\/uploads\/2026\/02\/logo-braz-e-figueiredo.svg","contentUrl":"https:\/\/talktoalldigital.com.br\/brazefigueiredo\/wp-content\/uploads\/2026\/02\/logo-braz-e-figueiredo.svg","width":275,"height":23,"caption":"Braz & Figueiredo"},"image":{"@id":"https:\/\/talktoalldigital.com.br\/brazefigueiredo\/#\/schema\/logo\/image\/"},"sameAs":["https:\/\/www.facebook.com\/brazefigueiredosociedadedeadvogados\/","https:\/\/www.instagram.com\/brazefigueiredo\/"]},{"@type":"Person","@id":"https:\/\/talktoalldigital.com.br\/brazefigueiredo\/#\/schema\/person\/f415ef976e7ef353f21f3a1827b5c255","name":"brazefigueiredo","image":{"@type":"ImageObject","inLanguage":"pt-BR","@id":"https:\/\/secure.gravatar.com\/avatar\/?s=96&d=mm&r=g","url":"https:\/\/secure.gravatar.com\/avatar\/?s=96&d=mm&r=g","contentUrl":"https:\/\/secure.gravatar.com\/avatar\/?s=96&d=mm&r=g","caption":"brazefigueiredo"},"url":"https:\/\/talktoalldigital.com.br\/brazefigueiredo\/blog\/author\/brazefigueiredo\/"}]}},"_links":{"self":[{"href":"https:\/\/talktoalldigital.com.br\/brazefigueiredo\/wp-json\/wp\/v2\/posts\/843","targetHints":{"allow":["GET"]}}],"collection":[{"href":"https:\/\/talktoalldigital.com.br\/brazefigueiredo\/wp-json\/wp\/v2\/posts"}],"about":[{"href":"https:\/\/talktoalldigital.com.br\/brazefigueiredo\/wp-json\/wp\/v2\/types\/post"}],"author":[{"embeddable":true,"href":"https:\/\/talktoalldigital.com.br\/brazefigueiredo\/wp-json\/wp\/v2\/users\/6"}],"replies":[{"embeddable":true,"href":"https:\/\/talktoalldigital.com.br\/brazefigueiredo\/wp-json\/wp\/v2\/comments?post=843"}],"version-history":[{"count":1,"href":"https:\/\/talktoalldigital.com.br\/brazefigueiredo\/wp-json\/wp\/v2\/posts\/843\/revisions"}],"predecessor-version":[{"id":3954,"href":"https:\/\/talktoalldigital.com.br\/brazefigueiredo\/wp-json\/wp\/v2\/posts\/843\/revisions\/3954"}],"wp:featuredmedia":[{"embeddable":true,"href":"https:\/\/talktoalldigital.com.br\/brazefigueiredo\/wp-json\/wp\/v2\/media\/3946"}],"wp:attachment":[{"href":"https:\/\/talktoalldigital.com.br\/brazefigueiredo\/wp-json\/wp\/v2\/media?parent=843"}],"wp:term":[{"taxonomy":"category","embeddable":true,"href":"https:\/\/talktoalldigital.com.br\/brazefigueiredo\/wp-json\/wp\/v2\/categories?post=843"},{"taxonomy":"post_tag","embeddable":true,"href":"https:\/\/talktoalldigital.com.br\/brazefigueiredo\/wp-json\/wp\/v2\/tags?post=843"}],"curies":[{"name":"wp","href":"https:\/\/api.w.org\/{rel}","templated":true}]}}